{"id":29061,"date":"2025-11-15T23:48:12","date_gmt":"2025-11-16T02:48:12","guid":{"rendered":"https:\/\/www.rosarioalerta.com.ar\/site\/?p=29061"},"modified":"2025-11-15T23:48:14","modified_gmt":"2025-11-16T02:48:14","slug":"ataque-a-tiros-persecucion-y-un-hombre-muerto","status":"publish","type":"post","link":"https:\/\/www.rosarioalerta.com.ar\/site\/archivos\/29061","title":{"rendered":"Ataque a tiros, persecuci\u00f3n y un hombre muerto"},"content":{"rendered":"\n<p>La v\u00edctima ten\u00eda 49 a\u00f1os, dos tiratiros en moto fueron detenidos<\/p>\n\n\n\n<p>La tarde ca\u00eda, pero el calor segu\u00eda firme. Pasaron las 20, cuando en la zona oeste el term\u00f3metro marcaba todav\u00eda cerca de 30 grados y el aire pesado anticipaba tormenta, aunque sin se\u00f1ales de alivio. En ese clima denso, un m\u00f3vil de <strong>Gendarmer\u00eda Nacional<\/strong>, apostado en <strong>Sol\u00eds al 400 bis<\/strong>, observ\u00f3 a dos hombres pasar en moto y abrir fuego contra una vivienda. El sonido seco de las detonaciones rompi\u00f3 la calma de un domingo que ya ven\u00eda cargado de tensi\u00f3n por hechos recientes.<\/p>\n\n\n\n<p>Dentro del domicilio, <strong>Dar\u00edo C\u00e9sar Vitori de 49 a\u00f1os<\/strong>, recibi\u00f3 un disparo que le provoc\u00f3 la muerte en pocos minutos. Vecinos conmocionados contaron que el hombre era \u201cun tipo de bien\u201d, alejado de conflictos y ajeno al narcomenudeo que golpea al barrio. \u201cLe toc\u00f3 estar en el peor lugar, en el peor momento\u201d, lament\u00f3 una mujer que vive en la misma cuadra. El ataque, seg\u00fan relataron, fue tan r\u00e1pido como inesperado.<\/p>\n\n\n\n<p>Tras los primeros disparos, los agresores tambi\u00e9n tiraron contra el personal de <strong>Gendarmer\u00eda Nacional<\/strong> al notar su presencia y emprendieron la fuga hacia el sur. La persecuci\u00f3n se extendi\u00f3 varias cuadras hasta <strong>Larrea y Rioja, <\/strong>donde <strong>un patrullero de la Polic\u00eda de Santa<\/strong> <strong>Fe<\/strong> consigui\u00f3 interceptarlos. Los uniformados detuvieron a <strong>Jorge Sebasti\u00e1n V. (39) y Lisandro Brian A. (23),<\/strong> quienes quedaron a disposici\u00f3n de la Fiscal\u00eda.<\/p>\n\n\n\n<p>En el operativo se secuestraron una motocicleta Honda CG Titan 150 cc azul y una pistola Bersa TPR 9 mm. Tanto los gendarmes como los polic\u00edas resultaron ilesos.<\/p>\n\n\n\n<p>Fuentes oficiales, destacaron la r\u00e1pida intervenci\u00f3n de las fuerzas, que fue determinante para evitar una fuga m\u00e1s prolongada y capturar a los presuntos autores en cuesti\u00f3n de minutos.<\/p>\n\n\n\n<p class=\"has-text-align-center\"><strong>Son 103 los cr\u00edmenes que tiene el departamento Rosario desde el inicio de a\u00f1o y el s\u00e9ptimo caso del mes de noviembre<\/strong><\/p>\n<div class=\"newspaper-x-tags\"><strong>TAGS: <\/strong><span><a href=\"https:\/\/www.rosarioalerta.com.ar\/site\/archivos\/tag\/noticias-de-rosario\" rel=\"tag\">Noticias de Rosario<\/a><\/span><a href=\"https:\/\/www.rosarioalerta.com.ar\/site\/archivos\/tag\/rosario\" rel=\"tag\">Rosario<\/a><\/span><a href=\"https:\/\/www.rosarioalerta.com.ar\/site\/archivos\/tag\/santa-fe\" rel=\"tag\">Santa Fe<\/a> <\/div>","protected":false},"excerpt":{"rendered":"<p>La v\u00edctima ten\u00eda 49 a\u00f1os, dos tiratiros en moto fueron detenidos La tarde ca\u00eda, pero el calor segu\u00eda firme. Pasaron las 20, cuando en la zona oeste el term\u00f3metro marcaba todav\u00eda cerca de 30 grados y el aire pesado anticipaba tormenta, aunque sin se\u00f1ales de alivio. En ese clima denso, un m\u00f3vil de Gendarmer\u00eda Nacional, [&hellip;]<\/p>\n","protected":false},"author":2,"featured_media":29062,"comment_status":"open","ping_status":"open","sticky":false,"template":"","format":"standard","meta":{"_joinchat":[],"footnotes":""},"categories":[15,11,17,6,21,14],"tags":[95,55,65],"class_list":["post-29061","post","type-post","status-publish","format-standard","has-post-thumbnail","hentry","category-balaceras","category-detenidos","category-heridos","category-homicidios","category-noticias","category-policiales","tag-noticias-de-rosario","tag-rosario","tag-santa-fe"],"_links":{"self":[{"href":"https:\/\/www.rosarioalerta.com.ar\/site\/wp-json\/wp\/v2\/posts\/29061","targetHints":{"allow":["GET"]}}],"collection":[{"href":"https:\/\/www.rosarioalerta.com.ar\/site\/wp-json\/wp\/v2\/posts"}],"about":[{"href":"https:\/\/www.rosarioalerta.com.ar\/site\/wp-json\/wp\/v2\/types\/post"}],"author":[{"embeddable":true,"href":"https:\/\/www.rosarioalerta.com.ar\/site\/wp-json\/wp\/v2\/users\/2"}],"replies":[{"embeddable":true,"href":"https:\/\/www.rosarioalerta.com.ar\/site\/wp-json\/wp\/v2\/comments?post=29061"}],"version-history":[{"count":1,"href":"https:\/\/www.rosarioalerta.com.ar\/site\/wp-json\/wp\/v2\/posts\/29061\/revisions"}],"predecessor-version":[{"id":29063,"href":"https:\/\/www.rosarioalerta.com.ar\/site\/wp-json\/wp\/v2\/posts\/29061\/revisions\/29063"}],"wp:featuredmedia":[{"embeddable":true,"href":"https:\/\/www.rosarioalerta.com.ar\/site\/wp-json\/wp\/v2\/media\/29062"}],"wp:attachment":[{"href":"https:\/\/www.rosarioalerta.com.ar\/site\/wp-json\/wp\/v2\/media?parent=29061"}],"wp:term":[{"taxonomy":"category","embeddable":true,"href":"https:\/\/www.rosarioalerta.com.ar\/site\/wp-json\/wp\/v2\/categories?post=29061"},{"taxonomy":"post_tag","embeddable":true,"href":"https:\/\/www.rosarioalerta.com.ar\/site\/wp-json\/wp\/v2\/tags?post=29061"}],"curies":[{"name":"wp","href":"https:\/\/api.w.org\/{rel}","templated":true}]}}