{"id":29058,"date":"2025-11-15T23:21:18","date_gmt":"2025-11-16T02:21:18","guid":{"rendered":"https:\/\/www.rosarioalerta.com.ar\/site\/?p=29058"},"modified":"2025-11-15T23:21:23","modified_gmt":"2025-11-16T02:21:23","slug":"una-pelea-barrial-termina-con-un-muerto-y-tres-detenidos","status":"publish","type":"post","link":"https:\/\/www.rosarioalerta.com.ar\/site\/archivos\/29058","title":{"rendered":"Una pelea barrial termina con un muerto y tres detenidos"},"content":{"rendered":"\n<p>Fue en la zona oeste y muri\u00f3 tras recibir un puntazo en el t\u00f3rax<\/p>\n\n\n\n<p>Un hombre muri\u00f3 tras recibir una pu\u00f1alada en plena v\u00eda p\u00fablica, en <strong>Bv. Segu\u00ed y Garz\u00f3n.<\/strong> La polic\u00eda detuvo a tres sospechosos que escapaban en una EcoSport. El hecho ocurri\u00f3 en una noche sofocante, con 30\u00b0 y alerta naranja vigente sobre Rosario.<\/p>\n\n\n\n<p>Pasadas las 21, el calor todav\u00eda golpeaba con fuerza en las calles de la zona oeste. <strong>Rosario<\/strong> se encontraba bajo alerta naranja por las altas temperaturas y varios espect\u00e1culos hab\u00edan sido suspendidos. En ese marco, personal policial que patrullaba <strong>Bv. Segu\u00ed y Garz\u00f3n<\/strong> advirti\u00f3 una violenta pelea que se desarrollaba en la v\u00eda p\u00fablica. Los agentes detuvieron la marcha para intervenir, mientras el aire pesado del final del d\u00eda acompa\u00f1aba la tensi\u00f3n del conflicto.<\/p>\n\n\n\n<p>Uno de los involucrados, identificado como <strong>Valiente Davalos<\/strong>, se acerc\u00f3 tambaleando a los uniformados y alcanz\u00f3 a manifestar que hab\u00eda recibido una pu\u00f1alada en el torso. Apenas segundos despu\u00e9s, se desplom\u00f3 sobre el pavimento caliente. Los efectivos llamaron de inmediato al <strong>SIES<\/strong>, pero el personal m\u00e9dico que arrib\u00f3 al lugar solo pudo constatar su fallecimiento. La v\u00edctima, de entre 25 y 40 a\u00f1os (la polic\u00eda a\u00fan no brind\u00f3 m\u00e1s datos), habr\u00eda participado de la ri\u00f1a que deriv\u00f3 en el ataque fatal.<br>Seg\u00fan fuentes policiales, testigos se\u00f1alaron a tres hombres que intentaban darse a la fuga a bordo de una Ford EcoSport. Los agentes iniciaron un cerrojo y concretaron la aprehensi\u00f3n de los sospechosos a pocas cuadras del lugar.<\/p>\n\n\n\n<p>Los detenidos fueron trasladados a sede policial y quedaron a disposici\u00f3n de la Fiscal\u00eda de Homicidios Dolosos, que investiga si alguno de ellos fue el autor material de la pu\u00f1alada.<\/p>\n\n\n\n<p>El homicidio de <strong>Davalos<\/strong> se suma a una serie de hechos violentos que sacudieron la ciudad en los \u00faltimos d\u00edas. En una noche marcada por el calor sofocante y la tensi\u00f3n acumulada en los barrios, la pelea que comenz\u00f3 como un conflicto vecinal termin\u00f3 desatando otro crimen<\/p>\n\n\n\n<p class=\"has-text-align-center\"><strong>Se trata del sexto crimen en el mes de noviembre y el caso 102 del departamento Rosario desde inicio de este 2025<\/strong><\/p>\n<div class=\"newspaper-x-tags\"><strong>TAGS: <\/strong><span><a href=\"https:\/\/www.rosarioalerta.com.ar\/site\/archivos\/tag\/noticias-de-rosario\" rel=\"tag\">Noticias de Rosario<\/a><\/span><a href=\"https:\/\/www.rosarioalerta.com.ar\/site\/archivos\/tag\/rosario\" rel=\"tag\">Rosario<\/a><\/span><a href=\"https:\/\/www.rosarioalerta.com.ar\/site\/archivos\/tag\/santa-fe\" rel=\"tag\">Santa Fe<\/a> <\/div>","protected":false},"excerpt":{"rendered":"<p>Fue en la zona oeste y muri\u00f3 tras recibir un puntazo en el t\u00f3rax Un hombre muri\u00f3 tras recibir una pu\u00f1alada en plena v\u00eda p\u00fablica, en Bv. Segu\u00ed y Garz\u00f3n. La polic\u00eda detuvo a tres sospechosos que escapaban en una EcoSport. El hecho ocurri\u00f3 en una noche sofocante, con 30\u00b0 y alerta naranja vigente sobre [&hellip;]<\/p>\n","protected":false},"author":2,"featured_media":29059,"comment_status":"open","ping_status":"open","sticky":false,"template":"","format":"standard","meta":{"_joinchat":[],"footnotes":""},"categories":[11,17,6,21,14],"tags":[95,55,65],"class_list":["post-29058","post","type-post","status-publish","format-standard","has-post-thumbnail","hentry","category-detenidos","category-heridos","category-homicidios","category-noticias","category-policiales","tag-noticias-de-rosario","tag-rosario","tag-santa-fe"],"_links":{"self":[{"href":"https:\/\/www.rosarioalerta.com.ar\/site\/wp-json\/wp\/v2\/posts\/29058","targetHints":{"allow":["GET"]}}],"collection":[{"href":"https:\/\/www.rosarioalerta.com.ar\/site\/wp-json\/wp\/v2\/posts"}],"about":[{"href":"https:\/\/www.rosarioalerta.com.ar\/site\/wp-json\/wp\/v2\/types\/post"}],"author":[{"embeddable":true,"href":"https:\/\/www.rosarioalerta.com.ar\/site\/wp-json\/wp\/v2\/users\/2"}],"replies":[{"embeddable":true,"href":"https:\/\/www.rosarioalerta.com.ar\/site\/wp-json\/wp\/v2\/comments?post=29058"}],"version-history":[{"count":1,"href":"https:\/\/www.rosarioalerta.com.ar\/site\/wp-json\/wp\/v2\/posts\/29058\/revisions"}],"predecessor-version":[{"id":29060,"href":"https:\/\/www.rosarioalerta.com.ar\/site\/wp-json\/wp\/v2\/posts\/29058\/revisions\/29060"}],"wp:featuredmedia":[{"embeddable":true,"href":"https:\/\/www.rosarioalerta.com.ar\/site\/wp-json\/wp\/v2\/media\/29059"}],"wp:attachment":[{"href":"https:\/\/www.rosarioalerta.com.ar\/site\/wp-json\/wp\/v2\/media?parent=29058"}],"wp:term":[{"taxonomy":"category","embeddable":true,"href":"https:\/\/www.rosarioalerta.com.ar\/site\/wp-json\/wp\/v2\/categories?post=29058"},{"taxonomy":"post_tag","embeddable":true,"href":"https:\/\/www.rosarioalerta.com.ar\/site\/wp-json\/wp\/v2\/tags?post=29058"}],"curies":[{"name":"wp","href":"https:\/\/api.w.org\/{rel}","templated":true}]}}