{"id":29047,"date":"2025-11-15T20:52:20","date_gmt":"2025-11-15T23:52:20","guid":{"rendered":"https:\/\/www.rosarioalerta.com.ar\/site\/?p=29047"},"modified":"2025-11-15T20:52:25","modified_gmt":"2025-11-15T23:52:25","slug":"imputaron-al-fantasma-del-aire","status":"publish","type":"post","link":"https:\/\/www.rosarioalerta.com.ar\/site\/archivos\/29047","title":{"rendered":"Imputaron al \u201cfantasma\u201d del aire"},"content":{"rendered":"\n<p>Brian Bilbao qued\u00f3 en prisi\u00f3n preventiva por narcotr\u00e1fico transnacional<\/p>\n\n\n\n<p>En una extensa audiencia federal, fiscales expusieron la trama que llev\u00f3 a la ca\u00edda del pr\u00f3fugo m\u00e1s buscado de <strong>Santa Fe<\/strong> y al secuestro de casi <strong>una<\/strong> <strong>tonelada de coca\u00edna<\/strong>. El juez <strong>dispuso 180 d\u00edas de prisi\u00f3n preventiva<\/strong> para <strong>\u00e9l y otros tres acusados<\/strong>.<\/p>\n\n\n\n<p>La ma\u00f1ana h\u00fameda y pesada del jueves, con un cielo gris que anunciaba lluvia sobre <strong>Rosario<\/strong>, acompa\u00f1\u00f3 el clima de tensi\u00f3n en los <strong>Tribunales Federales.<\/strong> All\u00ed se formaliz\u00f3 la imputaci\u00f3n contra <strong>Brian Walter Bilbao<\/strong>, <strong>detenido d\u00edas atr\u00e1s con 956 kilos de coca\u00edna<\/strong> en un operativo que cerr\u00f3 casi dos a\u00f1os de fuga. La audiencia, que se extendi\u00f3 por varias horas, fue seguida por videoconferencia desde los lugares de detenci\u00f3n de los cuatro implicados.<\/p>\n\n\n\n<p>En este caso, las v\u00edctimas no son personas concretas, sino la seguridad p\u00fablica y las comunidades afectadas por el tr\u00e1fico de drogas. La investigaci\u00f3n determin\u00f3 que la organizaci\u00f3n actuaba desde al menos 2024 introduciendo cargamentos mediante avionetas sin plan de vuelo, utilizando pistas clandestinas en campos del sur santafesino y el norte bonaerense.<\/p>\n\n\n\n<p>Los fiscales de PROCUNAR y la Unidad Fiscal Rosario detallaron un a\u00f1o de trabajo: an\u00e1lisis de telefon\u00eda, seguimientos, entrecruzamiento de datos y el aporte de distintas fuerzas de seguridad. La pesquisa vincul\u00f3 la detenci\u00f3n de <strong>Bilbao<\/strong> con la ca\u00edda de una avioneta en <strong>Arequito<\/strong>, donde tambi\u00e9n se hall\u00f3 coca\u00edna acondicionada de igual forma.<br>El material secuestrado \u2014im\u00e1genes, chats, movimientos nocturnos y elementos log\u00edsticos\u2014 permiti\u00f3 identificar una estructura estable, apoyada en roles definidos. \u201cEstamos ante una organizaci\u00f3n que opera en varios pa\u00edses y mueve grandes cantidades de droga\u201d, sostuvo el fiscal Mat\u00edas \u00c1lvarez al solicitar la prisi\u00f3n preventiva. El juez Carlos Vera Barros hizo lugar al pedido por riesgo de fuga y entorpecimiento de la investigaci\u00f3n.<br><strong>Bilbao<\/strong> tambi\u00e9n fue indagado por la causa que lo <strong>ten\u00eda pr\u00f3fugo desde 2023<\/strong>, en la que se lo se\u00f1ala como <strong>jefe de una organizaci\u00f3n dedicada al tr\u00e1fico a\u00e9reo de estupefacientes desde 2019<\/strong>.<\/p>\n\n\n\n<p>La causa contin\u00faa abierta y las autoridades no descartan nuevas detenciones. Mientras tanto, la Justicia dio un paso firme para desarticular un engranaje del narcotr\u00e1fico a\u00e9reo que operaba desde la regi\u00f3n.<\/p>\n<div class=\"newspaper-x-tags\"><strong>TAGS: <\/strong><span><a href=\"https:\/\/www.rosarioalerta.com.ar\/site\/archivos\/tag\/brian-walter-bilbao\" rel=\"tag\">Brian Walter Bilbao<\/a><\/span><a href=\"https:\/\/www.rosarioalerta.com.ar\/site\/archivos\/tag\/noticias-de-rosario\" rel=\"tag\">Noticias de Rosario<\/a><\/span><a href=\"https:\/\/www.rosarioalerta.com.ar\/site\/archivos\/tag\/rosario\" rel=\"tag\">Rosario<\/a><\/span><a href=\"https:\/\/www.rosarioalerta.com.ar\/site\/archivos\/tag\/santa-fe\" rel=\"tag\">Santa Fe<\/a> <\/div>","protected":false},"excerpt":{"rendered":"<p>Brian Bilbao qued\u00f3 en prisi\u00f3n preventiva por narcotr\u00e1fico transnacional En una extensa audiencia federal, fiscales expusieron la trama que llev\u00f3 a la ca\u00edda del pr\u00f3fugo m\u00e1s buscado de Santa Fe y al secuestro de casi una tonelada de coca\u00edna. El juez dispuso 180 d\u00edas de prisi\u00f3n preventiva para \u00e9l y otros tres acusados. La ma\u00f1ana [&hellip;]<\/p>\n","protected":false},"author":2,"featured_media":29048,"comment_status":"open","ping_status":"open","sticky":false,"template":"","format":"standard","meta":{"_joinchat":[],"footnotes":""},"categories":[11,13,21,14],"tags":[1682,95,55,65],"class_list":["post-29047","post","type-post","status-publish","format-standard","has-post-thumbnail","hentry","category-detenidos","category-judiciales","category-noticias","category-policiales","tag-brian-walter-bilbao","tag-noticias-de-rosario","tag-rosario","tag-santa-fe"],"_links":{"self":[{"href":"https:\/\/www.rosarioalerta.com.ar\/site\/wp-json\/wp\/v2\/posts\/29047","targetHints":{"allow":["GET"]}}],"collection":[{"href":"https:\/\/www.rosarioalerta.com.ar\/site\/wp-json\/wp\/v2\/posts"}],"about":[{"href":"https:\/\/www.rosarioalerta.com.ar\/site\/wp-json\/wp\/v2\/types\/post"}],"author":[{"embeddable":true,"href":"https:\/\/www.rosarioalerta.com.ar\/site\/wp-json\/wp\/v2\/users\/2"}],"replies":[{"embeddable":true,"href":"https:\/\/www.rosarioalerta.com.ar\/site\/wp-json\/wp\/v2\/comments?post=29047"}],"version-history":[{"count":1,"href":"https:\/\/www.rosarioalerta.com.ar\/site\/wp-json\/wp\/v2\/posts\/29047\/revisions"}],"predecessor-version":[{"id":29049,"href":"https:\/\/www.rosarioalerta.com.ar\/site\/wp-json\/wp\/v2\/posts\/29047\/revisions\/29049"}],"wp:featuredmedia":[{"embeddable":true,"href":"https:\/\/www.rosarioalerta.com.ar\/site\/wp-json\/wp\/v2\/media\/29048"}],"wp:attachment":[{"href":"https:\/\/www.rosarioalerta.com.ar\/site\/wp-json\/wp\/v2\/media?parent=29047"}],"wp:term":[{"taxonomy":"category","embeddable":true,"href":"https:\/\/www.rosarioalerta.com.ar\/site\/wp-json\/wp\/v2\/categories?post=29047"},{"taxonomy":"post_tag","embeddable":true,"href":"https:\/\/www.rosarioalerta.com.ar\/site\/wp-json\/wp\/v2\/tags?post=29047"}],"curies":[{"name":"wp","href":"https:\/\/api.w.org\/{rel}","templated":true}]}}