{"id":29016,"date":"2025-11-14T19:21:36","date_gmt":"2025-11-14T22:21:36","guid":{"rendered":"https:\/\/www.rosarioalerta.com.ar\/site\/?p=29016"},"modified":"2025-11-14T19:21:46","modified_gmt":"2025-11-14T22:21:46","slug":"ataque-mortal-en-villa-gobernador-galvez","status":"publish","type":"post","link":"https:\/\/www.rosarioalerta.com.ar\/site\/archivos\/29016","title":{"rendered":"Ataque mortal en Villa Gobernador G\u00e1lvez"},"content":{"rendered":"\n<p>Condenaron a dos implicados en el crimen de Sonia Miranda<\/p>\n\n\n\n<p>En una jornada calurosa de noviembre, la Justicia homolog\u00f3 un procedimiento abreviado que impuso penas de prisi\u00f3n efectiva a dos hombres investigados por un ataque armado ocurrido en 2022 y que deriv\u00f3 en la muerte de una mujer. La Fiscal\u00eda contin\u00faa buscando a otros implicados.<\/p>\n\n\n\n<p>El Juez de Primera Instancia Carlos Leiva homolog\u00f3 el acuerdo abreviado presentado por la Fiscal\u00eda y aceptado por la Defensa. La resoluci\u00f3n fij\u00f3 <strong>12 a\u00f1os y 6 meses de prisi\u00f3n para Lucas Romero<\/strong>, y <strong>4 a\u00f1os y 6 meses para Farib Garc\u00eda, <\/strong>seg\u00fan informaron fuentes judiciales.<\/p>\n\n\n\n<p>La causa se remonta al <strong>17 de diciembre de 2022, alrededor de las 21.40<\/strong>, cuando al menos cuatro personas \u2014entre ellas los condenados\u2014 se acercaron en dos veh\u00edculos a una vivienda de <strong>Pablo VI al 900<\/strong>, en <strong>Villa Gobernador G\u00e1lvez. <\/strong>La fiscal del caso, Georgina Pairola, detall\u00f3 que desde el exterior efectuaron un disparo hacia el interior del domicilio, impactando en <strong>Sonia Raquel Miranda<\/strong>, quien <strong>falleci\u00f3 el 29 de diciembre<\/strong> tras permanecer internada desde el ataque.<\/p>\n\n\n\n<p>Para preservar su memoria y evitar la revictimizaci\u00f3n, los datos se limitan a la informaci\u00f3n oficial: se trataba de una mujer que se encontraba dentro de su vivienda al momento del disparo. No se difundieron m\u00e1s detalles personales por respeto a sus allegados.<\/p>\n\n\n\n<p>De acuerdo con el Ministerio P\u00fablico de la Acusaci\u00f3n, los implicados ya hab\u00edan pasado frente a la casa una hora antes, observando movimientos. <strong>Ambos fueron detenidos el 10 de enero de 2023<\/strong>, cuando personal policial detect\u00f3 uno de los veh\u00edculos utilizados \u2014un <strong>Peugeot 307<\/strong> con pedido de secuestro\u2014 en inmediaciones de <strong>27 de Febrero al 5600<\/strong>.<\/p>\n\n\n\n<p>Con el procedimiento abreviado, la Justicia consider\u00f3 acreditada la participaci\u00f3n de ambos condenados. La investigaci\u00f3n contin\u00faa activa, con el objetivo de dar con los otros dos participantes a\u00fan no identificados y reconstruir por completo lo sucedido aquella noche de diciembre.<\/p>\n<div class=\"newspaper-x-tags\"><strong>TAGS: <\/strong><span><a href=\"https:\/\/www.rosarioalerta.com.ar\/site\/archivos\/tag\/noticias-de-rosario\" rel=\"tag\">Noticias de Rosario<\/a><\/span><a href=\"https:\/\/www.rosarioalerta.com.ar\/site\/archivos\/tag\/noticias-de-vgg\" rel=\"tag\">Noticias de VGG<\/a><\/span><a href=\"https:\/\/www.rosarioalerta.com.ar\/site\/archivos\/tag\/rosario\" rel=\"tag\">Rosario<\/a><\/span><a href=\"https:\/\/www.rosarioalerta.com.ar\/site\/archivos\/tag\/santa-fe\" rel=\"tag\">Santa Fe<\/a><\/span><a href=\"https:\/\/www.rosarioalerta.com.ar\/site\/archivos\/tag\/vgg\" rel=\"tag\">VGG<\/a> <\/div>","protected":false},"excerpt":{"rendered":"<p>Condenaron a dos implicados en el crimen de Sonia Miranda En una jornada calurosa de noviembre, la Justicia homolog\u00f3 un procedimiento abreviado que impuso penas de prisi\u00f3n efectiva a dos hombres investigados por un ataque armado ocurrido en 2022 y que deriv\u00f3 en la muerte de una mujer. La Fiscal\u00eda contin\u00faa buscando a otros implicados. [&hellip;]<\/p>\n","protected":false},"author":2,"featured_media":29017,"comment_status":"open","ping_status":"open","sticky":false,"template":"","format":"standard","meta":{"_joinchat":[],"footnotes":""},"categories":[11,6,13,21,14],"tags":[95,94,55,65,60],"class_list":["post-29016","post","type-post","status-publish","format-standard","has-post-thumbnail","hentry","category-detenidos","category-homicidios","category-judiciales","category-noticias","category-policiales","tag-noticias-de-rosario","tag-noticias-de-vgg","tag-rosario","tag-santa-fe","tag-vgg"],"_links":{"self":[{"href":"https:\/\/www.rosarioalerta.com.ar\/site\/wp-json\/wp\/v2\/posts\/29016","targetHints":{"allow":["GET"]}}],"collection":[{"href":"https:\/\/www.rosarioalerta.com.ar\/site\/wp-json\/wp\/v2\/posts"}],"about":[{"href":"https:\/\/www.rosarioalerta.com.ar\/site\/wp-json\/wp\/v2\/types\/post"}],"author":[{"embeddable":true,"href":"https:\/\/www.rosarioalerta.com.ar\/site\/wp-json\/wp\/v2\/users\/2"}],"replies":[{"embeddable":true,"href":"https:\/\/www.rosarioalerta.com.ar\/site\/wp-json\/wp\/v2\/comments?post=29016"}],"version-history":[{"count":1,"href":"https:\/\/www.rosarioalerta.com.ar\/site\/wp-json\/wp\/v2\/posts\/29016\/revisions"}],"predecessor-version":[{"id":29018,"href":"https:\/\/www.rosarioalerta.com.ar\/site\/wp-json\/wp\/v2\/posts\/29016\/revisions\/29018"}],"wp:featuredmedia":[{"embeddable":true,"href":"https:\/\/www.rosarioalerta.com.ar\/site\/wp-json\/wp\/v2\/media\/29017"}],"wp:attachment":[{"href":"https:\/\/www.rosarioalerta.com.ar\/site\/wp-json\/wp\/v2\/media?parent=29016"}],"wp:term":[{"taxonomy":"category","embeddable":true,"href":"https:\/\/www.rosarioalerta.com.ar\/site\/wp-json\/wp\/v2\/categories?post=29016"},{"taxonomy":"post_tag","embeddable":true,"href":"https:\/\/www.rosarioalerta.com.ar\/site\/wp-json\/wp\/v2\/tags?post=29016"}],"curies":[{"name":"wp","href":"https:\/\/api.w.org\/{rel}","templated":true}]}}