{"id":28920,"date":"2025-11-11T12:47:00","date_gmt":"2025-11-11T15:47:00","guid":{"rendered":"https:\/\/www.rosarioalerta.com.ar\/site\/?p=28920"},"modified":"2025-11-11T12:47:01","modified_gmt":"2025-11-11T15:47:01","slug":"hallan-una-avioneta-con-cocaina-estrellada-en-un-campo-de-arequito","status":"publish","type":"post","link":"https:\/\/www.rosarioalerta.com.ar\/site\/archivos\/28920","title":{"rendered":"Hallan una avioneta con coca\u00edna estrellada en un campo de Arequito"},"content":{"rendered":"\n<p>El hallazgo fue realizado por un vecino en la ma\u00f1ana del martes<\/p>\n\n\n\n<p>En el interior encontraron un paquete con coca\u00edna. Se investiga si guarda relaci\u00f3n con la causa del presunto narco rosarino Brian Bilbao, detenido d\u00edas atr\u00e1s en Buenos Aires.<\/p>\n\n\n\n<p>Una avioneta fue hallada estrellada en un camino <strong>rural de Arequito<\/strong>, en el <strong>departamento Caseros<\/strong>, durante la ma\u00f1ana de este martes. El descubrimiento fue realizado por un vecino de la zona, quien alert\u00f3 de inmediato a <strong>Bomberos Voluntarios y a la Polic\u00eda local<\/strong>. Al arribar al lugar, los efectivos encontraron dentro del <strong>Cessna 210<\/strong> un paquete envuelto en lona verde que conten\u00eda coca\u00edna.<\/p>\n\n\n\n<p>El hallazgo encendi\u00f3 las alarmas de las fuerzas federales, que investigan si el vuelo accidentado podr\u00eda estar vinculado con el operativo en el que fue detenido el presunto capo narco rosarino <strong>Brian Walter Bilbao de 47 a\u00f1os<\/strong>, apresado d\u00edas atr\u00e1s en Exaltaci\u00f3n de la Cruz (Buenos Aires) mientras transportaba m\u00e1s de 400 kilos de coca\u00edna.<\/p>\n\n\n\n<p>De acuerdo con el relato de un productor rural que encontr\u00f3 la aeronave, \u201cfui al campo y vi un avi\u00f3n ca\u00eddo; le avisamos al chico de Bomberos y \u00e9l a la Polic\u00eda. Mi campo est\u00e1 unos seis kil\u00f3metros m\u00e1s adelante del lugar del accidente\u201d. El hombre agreg\u00f3 que no hab\u00eda ocupantes en el avi\u00f3n y que el motor estaba fr\u00edo. \u201cNo se ve\u00edan rastros de sangre ni da\u00f1os importantes. La puerta estaba abierta y el tablero intacto\u201d, relat\u00f3 en di\u00e1logo con Radio Casilda.<\/p>\n\n\n\n<p>La aeronave habr\u00eda enganchado el tejido perimetral de un campo antes de caer, dejando restos del alambrado y un poste roto unos metros atr\u00e1s. Por el momento, no hay personas detenidas, y la Justicia Federal trabaja junto a Gendarmer\u00eda Nacional para determinar el origen del vuelo y su posible conexi\u00f3n con la estructura narco que liderar\u00eda <strong>Bilbao<\/strong>.<\/p>\n\n\n\n<p>Los investigadores sospechan que la avioneta habr\u00eda formado parte de una cadena de vuelos clandestinos usados para el tr\u00e1fico de coca\u00edna entre Santa Fe y Buenos Aires, una modalidad que preocupa a las autoridades por su reiteraci\u00f3n en rutas rurales poco transitadas.<\/p>\n\n\n\n<p>El hallazgo de la aeroneta con coca\u00edna abre un nuevo cap\u00edtulo en la investigaci\u00f3n contra una red narco que tendr\u00eda ramificaciones entre <strong>Rosario y Buenos Aires.<\/strong><\/p>\n<div class=\"newspaper-x-tags\"><strong>TAGS: <\/strong><span><a href=\"https:\/\/www.rosarioalerta.com.ar\/site\/archivos\/tag\/arequito\" rel=\"tag\">Arequito<\/a><\/span><a href=\"https:\/\/www.rosarioalerta.com.ar\/site\/archivos\/tag\/brian-walter-bilbao\" rel=\"tag\">Brian Walter Bilbao<\/a><\/span><a href=\"https:\/\/www.rosarioalerta.com.ar\/site\/archivos\/tag\/noticias-de-arequito\" rel=\"tag\">Noticias de Arequito<\/a><\/span><a href=\"https:\/\/www.rosarioalerta.com.ar\/site\/archivos\/tag\/noticias-de-rosario\" rel=\"tag\">Noticias de Rosario<\/a><\/span><a href=\"https:\/\/www.rosarioalerta.com.ar\/site\/archivos\/tag\/rosario\" rel=\"tag\">Rosario<\/a><\/span><a href=\"https:\/\/www.rosarioalerta.com.ar\/site\/archivos\/tag\/santa-fe\" rel=\"tag\">Santa Fe<\/a> <\/div>","protected":false},"excerpt":{"rendered":"<p>El hallazgo fue realizado por un vecino en la ma\u00f1ana del martes En el interior encontraron un paquete con coca\u00edna. Se investiga si guarda relaci\u00f3n con la causa del presunto narco rosarino Brian Bilbao, detenido d\u00edas atr\u00e1s en Buenos Aires. Una avioneta fue hallada estrellada en un camino rural de Arequito, en el departamento Caseros, [&hellip;]<\/p>\n","protected":false},"author":2,"featured_media":28921,"comment_status":"open","ping_status":"open","sticky":false,"template":"","format":"standard","meta":{"_joinchat":[],"footnotes":""},"categories":[12,11,21,14],"tags":[741,1682,742,95,55,65],"class_list":["post-28920","post","type-post","status-publish","format-standard","has-post-thumbnail","hentry","category-allanamientos","category-detenidos","category-noticias","category-policiales","tag-arequito","tag-brian-walter-bilbao","tag-noticias-de-arequito","tag-noticias-de-rosario","tag-rosario","tag-santa-fe"],"_links":{"self":[{"href":"https:\/\/www.rosarioalerta.com.ar\/site\/wp-json\/wp\/v2\/posts\/28920","targetHints":{"allow":["GET"]}}],"collection":[{"href":"https:\/\/www.rosarioalerta.com.ar\/site\/wp-json\/wp\/v2\/posts"}],"about":[{"href":"https:\/\/www.rosarioalerta.com.ar\/site\/wp-json\/wp\/v2\/types\/post"}],"author":[{"embeddable":true,"href":"https:\/\/www.rosarioalerta.com.ar\/site\/wp-json\/wp\/v2\/users\/2"}],"replies":[{"embeddable":true,"href":"https:\/\/www.rosarioalerta.com.ar\/site\/wp-json\/wp\/v2\/comments?post=28920"}],"version-history":[{"count":1,"href":"https:\/\/www.rosarioalerta.com.ar\/site\/wp-json\/wp\/v2\/posts\/28920\/revisions"}],"predecessor-version":[{"id":28922,"href":"https:\/\/www.rosarioalerta.com.ar\/site\/wp-json\/wp\/v2\/posts\/28920\/revisions\/28922"}],"wp:featuredmedia":[{"embeddable":true,"href":"https:\/\/www.rosarioalerta.com.ar\/site\/wp-json\/wp\/v2\/media\/28921"}],"wp:attachment":[{"href":"https:\/\/www.rosarioalerta.com.ar\/site\/wp-json\/wp\/v2\/media?parent=28920"}],"wp:term":[{"taxonomy":"category","embeddable":true,"href":"https:\/\/www.rosarioalerta.com.ar\/site\/wp-json\/wp\/v2\/categories?post=28920"},{"taxonomy":"post_tag","embeddable":true,"href":"https:\/\/www.rosarioalerta.com.ar\/site\/wp-json\/wp\/v2\/tags?post=28920"}],"curies":[{"name":"wp","href":"https:\/\/api.w.org\/{rel}","templated":true}]}}