{"id":28765,"date":"2025-11-04T07:04:03","date_gmt":"2025-11-04T10:04:03","guid":{"rendered":"https:\/\/www.rosarioalerta.com.ar\/site\/?p=28765"},"modified":"2025-11-04T07:04:20","modified_gmt":"2025-11-04T10:04:20","slug":"fentanilo-contaminado-dolor-memoria-y-justicia","status":"publish","type":"post","link":"https:\/\/www.rosarioalerta.com.ar\/site\/archivos\/28765","title":{"rendered":"Fentanilo contaminado: dolor, memoria y justicia"},"content":{"rendered":"\n<p>Familiares de las v\u00edctimas del caso por fentanilo contaminado fueron recibidos por la comisi\u00f3n investigadora de la C\u00e1mara de Diputados en el Concejo Municipal<\/p>\n\n\n\n<p>Este lunes, el recinto de sesiones del <strong>Palacio Vasallo<\/strong> fue escenario de un encuentro cargado de emoci\u00f3n y reclamos. El <strong>Concejo Municipal<\/strong> de Rosario recibi\u00f3 a la comisi\u00f3n investigadora de la <strong>C\u00e1mara de Diputados de la Naci\u00f3n <\/strong>que indaga la causa por el <strong>uso de fentanilo<\/strong> <strong>contaminado<\/strong>, un hecho que dej\u00f3 m\u00faltiples v\u00edctimas y una profunda herida en la comunidad rosarina.<\/p>\n\n\n\n<p>La reuni\u00f3n fue presidida por la diputada nacional y ex intendenta de la ciudad, <strong>M\u00f3nica Fein<\/strong>, acompa\u00f1ada por <strong>Silvana Giudici y Victoria Tolosa<\/strong> <strong>Paz<\/strong>, junto a legisladores nacionales, concejales, autoridades municipales y representantes del sistema de salud.<\/p>\n\n\n\n<p><strong>Doce familiares de personas fallecidas<\/strong> brindaron sus testimonios ante los presentes. Con relatos conmovedores, describieron el calvario vivido en distintas instituciones m\u00e9dicas, denunciaron la falta de respuestas y exigieron justicia y una ley nacional de trazabilidad de medicamentos.<br>Entre quienes tomaron la palabra se encontraban <strong>Lilian Gisella Amin, Valeria Cuaglia, Roc\u00edo Correa y Mar\u00eda Noelia Zanni,<\/strong> entre otros, quienes coincidieron en la necesidad de que el caso no quede impune y que se garantice que tragedias como esta no vuelvan a repetirse.<\/p>\n\n\n\n<p>Durante el encuentro, la presidenta del Concejo, <strong>Mar\u00eda Eugenia Schmuck<\/strong>, agradeci\u00f3 la presencia de los diputados y destac\u00f3 la importancia de escuchar a las familias. \u201cDetr\u00e1s de esta comisi\u00f3n hay historias de dolor y coraje. Rosario fue una de las ciudades m\u00e1s golpeadas y tenemos la obligaci\u00f3n de actuar\u201d, sostuvo.<\/p>\n\n\n\n<p><strong>Schmuck<\/strong> record\u00f3 que el municipio se constituy\u00f3 como querellante en la causa federal, con el objetivo de aportar al esclarecimiento de los hechos y fortalecer los mecanismos de control sobre medicamentos y suministros hospitalarios.<\/p>\n\n\n\n<p>El encuentro dej\u00f3 en evidencia que el pedido de justicia sigue vigente. Mientras avanza la investigaci\u00f3n nacional, las familias contin\u00faan luchando por respuestas, por memoria y por pol\u00edticas p\u00fablicas que eviten nuevas tragedias. Rosario, golpeada pero firme, volvi\u00f3 a poner su voz en el centro del reclamo: \u201cNunca m\u00e1s fentanilo contaminado\u201d.<\/p>\n<div class=\"newspaper-x-tags\"><strong>TAGS: <\/strong><span><a href=\"https:\/\/www.rosarioalerta.com.ar\/site\/archivos\/tag\/fentanilo\" rel=\"tag\">Fentanilo<\/a><\/span><a href=\"https:\/\/www.rosarioalerta.com.ar\/site\/archivos\/tag\/fentanilo-contaminado\" rel=\"tag\">Fentanilo Contaminado<\/a><\/span><a href=\"https:\/\/www.rosarioalerta.com.ar\/site\/archivos\/tag\/noticias-de-rosario\" rel=\"tag\">Noticias de Rosario<\/a><\/span><a href=\"https:\/\/www.rosarioalerta.com.ar\/site\/archivos\/tag\/rosario\" rel=\"tag\">Rosario<\/a><\/span><a href=\"https:\/\/www.rosarioalerta.com.ar\/site\/archivos\/tag\/santa-fe\" rel=\"tag\">Santa Fe<\/a> <\/div>","protected":false},"excerpt":{"rendered":"<p>Familiares de las v\u00edctimas del caso por fentanilo contaminado fueron recibidos por la comisi\u00f3n investigadora de la C\u00e1mara de Diputados en el Concejo Municipal Este lunes, el recinto de sesiones del Palacio Vasallo fue escenario de un encuentro cargado de emoci\u00f3n y reclamos. El Concejo Municipal de Rosario recibi\u00f3 a la comisi\u00f3n investigadora de la [&hellip;]<\/p>\n","protected":false},"author":2,"featured_media":28766,"comment_status":"open","ping_status":"open","sticky":false,"template":"","format":"standard","meta":{"_joinchat":[],"footnotes":""},"categories":[18,21],"tags":[1609,1632,95,55,65],"class_list":["post-28765","post","type-post","status-publish","format-standard","has-post-thumbnail","hentry","category-institucional","category-noticias","tag-fentanilo","tag-fentanilo-contaminado","tag-noticias-de-rosario","tag-rosario","tag-santa-fe"],"_links":{"self":[{"href":"https:\/\/www.rosarioalerta.com.ar\/site\/wp-json\/wp\/v2\/posts\/28765","targetHints":{"allow":["GET"]}}],"collection":[{"href":"https:\/\/www.rosarioalerta.com.ar\/site\/wp-json\/wp\/v2\/posts"}],"about":[{"href":"https:\/\/www.rosarioalerta.com.ar\/site\/wp-json\/wp\/v2\/types\/post"}],"author":[{"embeddable":true,"href":"https:\/\/www.rosarioalerta.com.ar\/site\/wp-json\/wp\/v2\/users\/2"}],"replies":[{"embeddable":true,"href":"https:\/\/www.rosarioalerta.com.ar\/site\/wp-json\/wp\/v2\/comments?post=28765"}],"version-history":[{"count":1,"href":"https:\/\/www.rosarioalerta.com.ar\/site\/wp-json\/wp\/v2\/posts\/28765\/revisions"}],"predecessor-version":[{"id":28767,"href":"https:\/\/www.rosarioalerta.com.ar\/site\/wp-json\/wp\/v2\/posts\/28765\/revisions\/28767"}],"wp:featuredmedia":[{"embeddable":true,"href":"https:\/\/www.rosarioalerta.com.ar\/site\/wp-json\/wp\/v2\/media\/28766"}],"wp:attachment":[{"href":"https:\/\/www.rosarioalerta.com.ar\/site\/wp-json\/wp\/v2\/media?parent=28765"}],"wp:term":[{"taxonomy":"category","embeddable":true,"href":"https:\/\/www.rosarioalerta.com.ar\/site\/wp-json\/wp\/v2\/categories?post=28765"},{"taxonomy":"post_tag","embeddable":true,"href":"https:\/\/www.rosarioalerta.com.ar\/site\/wp-json\/wp\/v2\/tags?post=28765"}],"curies":[{"name":"wp","href":"https:\/\/api.w.org\/{rel}","templated":true}]}}