{"id":28687,"date":"2025-10-31T07:11:39","date_gmt":"2025-10-31T10:11:39","guid":{"rendered":"https:\/\/www.rosarioalerta.com.ar\/site\/?p=28687"},"modified":"2025-10-31T07:11:40","modified_gmt":"2025-10-31T10:11:40","slug":"una-policia-herida-y-dos-detenidos-tras-un-violento-control","status":"publish","type":"post","link":"https:\/\/www.rosarioalerta.com.ar\/site\/archivos\/28687","title":{"rendered":"Una polic\u00eda herida y dos detenidos tras un violento control"},"content":{"rendered":"\n<p>Un hombre y una mujer fueron detenidos este jueves a la madrugada luego de resistirse a un control policial y embestir a una suboficial<\/p>\n\n\n\n<p>La madrugada del 31 de octubre comenz\u00f3 con tensi\u00f3n en pleno centro rosarino. Cerca de las 3, personal de la <strong>Brigada de Orden Urbano<\/strong> (BOU) realizaba una identificaci\u00f3n de rutina en la esquina de <strong>Santa Fe y Castellanos,<\/strong> cuando un procedimiento habitual deriv\u00f3 en una escena violenta.<\/p>\n\n\n\n<p>Seg\u00fan fuentes policiales, los agentes detuvieron la marcha de un BMW blanco, X4 281, en el que viajaban un hombre de 55 a\u00f1os y una mujer de 54. Al solicitarles la documentaci\u00f3n, la conductora baj\u00f3 del veh\u00edculo y comenz\u00f3 a insultar y amenazar al personal policial.<\/p>\n\n\n\n<p>En medio del altercado, el acompa\u00f1ante descendi\u00f3 del auto visiblemente ofuscado. Luego volvi\u00f3 a subir y, de manera repentina, aceler\u00f3 el veh\u00edculo y embisti\u00f3 a la suboficial, Carla O de 30 a\u00f1os, impact\u00e1ndola en la pierna izquierda.<\/p>\n\n\n\n<p>R\u00e1pidamente, sus compa\u00f1eros solicitaron asistencia m\u00e9dica. Al lugar lleg\u00f3 una ambulancia del <strong>SIES<\/strong>, a cargo del Dr. Gonz\u00e1lez, quien diagnostic\u00f3 traumatismo de rodilla izquierda.<br>La agente fue trasladada al <strong>Sanatorio Laprida<\/strong>, donde fue atendida y qued\u00f3 en observaci\u00f3n. Se encuentra fuera de peligro, aunque con reposo m\u00e9dico indicado.<\/p>\n\n\n\n<p>Tras intentar escapar, los dos ocupantes del veh\u00edculo fueron detenidos a pocos metros del lugar.<br>Ambos ser\u00e1n imputados por desobediencia, lesiones y resistencia a la autoridad, y el veh\u00edculo fue secuestrado como parte de las pericias.<\/p>\n\n\n\n<p>Fueron trasladados a la <strong>Comisar\u00eda 2\u00ba<\/strong>, dando intervenci\u00f3n a la Fiscal\u00eda de Flagrancias en turno, que investiga el episodio<\/p>\n\n\n\n<p>La suboficial contin\u00faa recuper\u00e1ndose, mientras el procedimiento sigue bajo investigaci\u00f3n.<\/p>\n<div class=\"newspaper-x-tags\"><strong>TAGS: <\/strong><span><a href=\"https:\/\/www.rosarioalerta.com.ar\/site\/archivos\/tag\/noticias-de-rosario\" rel=\"tag\">Noticias de Rosario<\/a><\/span><a href=\"https:\/\/www.rosarioalerta.com.ar\/site\/archivos\/tag\/rosario\" rel=\"tag\">Rosario<\/a><\/span><a href=\"https:\/\/www.rosarioalerta.com.ar\/site\/archivos\/tag\/santa-fe\" rel=\"tag\">Santa Fe<\/a> <\/div>","protected":false},"excerpt":{"rendered":"<p>Un hombre y una mujer fueron detenidos este jueves a la madrugada luego de resistirse a un control policial y embestir a una suboficial La madrugada del 31 de octubre comenz\u00f3 con tensi\u00f3n en pleno centro rosarino. Cerca de las 3, personal de la Brigada de Orden Urbano (BOU) realizaba una identificaci\u00f3n de rutina en [&hellip;]<\/p>\n","protected":false},"author":2,"featured_media":28688,"comment_status":"open","ping_status":"open","sticky":false,"template":"","format":"standard","meta":{"_joinchat":[],"footnotes":""},"categories":[11,21,14,19,10],"tags":[95,55,65],"class_list":["post-28687","post","type-post","status-publish","format-standard","has-post-thumbnail","hentry","category-detenidos","category-noticias","category-policiales","category-seguridad-vial","category-siniestros-viales","tag-noticias-de-rosario","tag-rosario","tag-santa-fe"],"_links":{"self":[{"href":"https:\/\/www.rosarioalerta.com.ar\/site\/wp-json\/wp\/v2\/posts\/28687","targetHints":{"allow":["GET"]}}],"collection":[{"href":"https:\/\/www.rosarioalerta.com.ar\/site\/wp-json\/wp\/v2\/posts"}],"about":[{"href":"https:\/\/www.rosarioalerta.com.ar\/site\/wp-json\/wp\/v2\/types\/post"}],"author":[{"embeddable":true,"href":"https:\/\/www.rosarioalerta.com.ar\/site\/wp-json\/wp\/v2\/users\/2"}],"replies":[{"embeddable":true,"href":"https:\/\/www.rosarioalerta.com.ar\/site\/wp-json\/wp\/v2\/comments?post=28687"}],"version-history":[{"count":1,"href":"https:\/\/www.rosarioalerta.com.ar\/site\/wp-json\/wp\/v2\/posts\/28687\/revisions"}],"predecessor-version":[{"id":28689,"href":"https:\/\/www.rosarioalerta.com.ar\/site\/wp-json\/wp\/v2\/posts\/28687\/revisions\/28689"}],"wp:featuredmedia":[{"embeddable":true,"href":"https:\/\/www.rosarioalerta.com.ar\/site\/wp-json\/wp\/v2\/media\/28688"}],"wp:attachment":[{"href":"https:\/\/www.rosarioalerta.com.ar\/site\/wp-json\/wp\/v2\/media?parent=28687"}],"wp:term":[{"taxonomy":"category","embeddable":true,"href":"https:\/\/www.rosarioalerta.com.ar\/site\/wp-json\/wp\/v2\/categories?post=28687"},{"taxonomy":"post_tag","embeddable":true,"href":"https:\/\/www.rosarioalerta.com.ar\/site\/wp-json\/wp\/v2\/tags?post=28687"}],"curies":[{"name":"wp","href":"https:\/\/api.w.org\/{rel}","templated":true}]}}