{"id":28373,"date":"2025-10-15T21:24:07","date_gmt":"2025-10-16T00:24:07","guid":{"rendered":"https:\/\/www.rosarioalerta.com.ar\/site\/?p=28373"},"modified":"2025-10-15T21:24:08","modified_gmt":"2025-10-16T00:24:08","slug":"dylan-cantero-fue-baleado-en-la-via-publica-y-esta-fuera-de-peligro","status":"publish","type":"post","link":"https:\/\/www.rosarioalerta.com.ar\/site\/archivos\/28373","title":{"rendered":"Dylan Cantero fue baleado en la v\u00eda p\u00fablica y est\u00e1 fuera de peligro"},"content":{"rendered":"\n<p>Se trata del menor de los hermanos Cantero, identificado como figura emergente de la banda Los Monos<\/p>\n\n\n\n<p>Este mi\u00e9rcoles, alrededor de las 18, <strong>Dylan Cantero<\/strong> \u2014hermano menor de los l\u00edderes hist\u00f3ricos de la banda narco <strong>Los Monos<\/strong>\u2014 fue baleado mientras caminaba por la intersecci\u00f3n de <strong>Pellegrini y Vera Mujica<\/strong>, en la zona oeste de Rosario, seg\u00fan las primeras versiones, aunque no descartan que haya sido atacado, en inmediaciones de <strong>Las Flores y La Granada<\/strong> y termin\u00f3 llegando por sus propios medios&nbsp; a la guardia del <strong>Hospital de Emergencias Clemente \u00c1lvarez <\/strong>(HECA). Seg\u00fan el informe policial, un veh\u00edculo con dos ocupantes pas\u00f3 junto a \u00e9l y uno de ellos efectu\u00f3 disparos, hiri\u00e9ndolo en la pierna derecha.<\/p>\n\n\n\n<p>El joven de 21 a\u00f1os ingres\u00f3 por sus propios medios a la guardia, donde fue atendido por personal m\u00e9dico. La herida no revisti\u00f3 gravedad y su estado es estable.<\/p>\n\n\n\n<p><strong>Una figura en ascenso dentro del clan<\/strong><\/p>\n\n\n\n<p><strong>Dylan<\/strong> es el hermano menor de <strong>Claudio \u201cP\u00e1jaro\u201d Cantero<\/strong> \u2014asesinado en 2013\u2014 y de <strong>Ariel \u201cGuille\u201d Cantero<\/strong>, actual cabecilla de la organizaci\u00f3n que cumple condena en una c\u00e1rcel federal. Con solo 21 a\u00f1os, <strong>Dylan<\/strong> es se\u00f1alado como el <strong>aspirante a heredar el liderazgo<\/strong> de la estructura criminal que durante m\u00e1s de una d\u00e9cada ha marcado a fuego el mapa delictivo de Rosario.<\/p>\n\n\n\n<p><strong>Actualmente se encontraba en libertad<\/strong> tras haber recibido una condena a tres a\u00f1os de prisi\u00f3n efectiva por asociaci\u00f3n il\u00edcita, rebajada desde una pena original mayor, debido a que algunos de los delitos fueron cometidos cuando a\u00fan era menor de edad.<\/p>\n\n\n\n<p><strong>Intervenci\u00f3n oficial y causas abiertas<\/strong><\/p>\n\n\n\n<p>La <strong>Polic\u00eda de Investigaciones<\/strong>, trabaja para identificar a los autores del ataque. Hasta el momento no hay detenidos y no se descarta que se trate de un ajuste vinculado a disputas internas o mensajes mafiosos en el marco de una creciente tensi\u00f3n en las calles.<\/p>\n\n\n\n<p>El episodio se suma a una seguidilla de hechos violentos que recrudecen <strong>cada vez que se aproxima un per\u00edodo electoral<\/strong>, con heridos de bala y motines como se\u00f1ales de desestabilizaci\u00f3n o presi\u00f3n encubierta.<\/p>\n\n\n\n<p>Aunque <strong>Dylan<\/strong> sobrevivi\u00f3 al ataque, el hecho vuelve a exponer las heridas abiertas de una ciudad que no logra despegar del entramado narco y donde los nombres de siempre siguen resonando con fuerza en los partes policiales.<\/p>\n<div class=\"newspaper-x-tags\"><strong>TAGS: <\/strong><span><a href=\"https:\/\/www.rosarioalerta.com.ar\/site\/archivos\/tag\/dylan-cantero\" rel=\"tag\">Dylan Cantero<\/a><\/span><a href=\"https:\/\/www.rosarioalerta.com.ar\/site\/archivos\/tag\/los-monos\" rel=\"tag\">Los Monos<\/a><\/span><a href=\"https:\/\/www.rosarioalerta.com.ar\/site\/archivos\/tag\/noticias-de-rosario\" rel=\"tag\">Noticias de Rosario<\/a><\/span><a href=\"https:\/\/www.rosarioalerta.com.ar\/site\/archivos\/tag\/rosario\" rel=\"tag\">Rosario<\/a><\/span><a href=\"https:\/\/www.rosarioalerta.com.ar\/site\/archivos\/tag\/santa-fe\" rel=\"tag\">Santa Fe<\/a> <\/div>","protected":false},"excerpt":{"rendered":"<p>Se trata del menor de los hermanos Cantero, identificado como figura emergente de la banda Los Monos Este mi\u00e9rcoles, alrededor de las 18, Dylan Cantero \u2014hermano menor de los l\u00edderes hist\u00f3ricos de la banda narco Los Monos\u2014 fue baleado mientras caminaba por la intersecci\u00f3n de Pellegrini y Vera Mujica, en la zona oeste de Rosario, [&hellip;]<\/p>\n","protected":false},"author":2,"featured_media":28374,"comment_status":"open","ping_status":"open","sticky":false,"template":"","format":"standard","meta":{"_joinchat":[],"footnotes":""},"categories":[15,17,21,14],"tags":[554,77,95,55,65],"class_list":["post-28373","post","type-post","status-publish","format-standard","has-post-thumbnail","hentry","category-balaceras","category-heridos","category-noticias","category-policiales","tag-dylan-cantero","tag-los-monos","tag-noticias-de-rosario","tag-rosario","tag-santa-fe"],"_links":{"self":[{"href":"https:\/\/www.rosarioalerta.com.ar\/site\/wp-json\/wp\/v2\/posts\/28373","targetHints":{"allow":["GET"]}}],"collection":[{"href":"https:\/\/www.rosarioalerta.com.ar\/site\/wp-json\/wp\/v2\/posts"}],"about":[{"href":"https:\/\/www.rosarioalerta.com.ar\/site\/wp-json\/wp\/v2\/types\/post"}],"author":[{"embeddable":true,"href":"https:\/\/www.rosarioalerta.com.ar\/site\/wp-json\/wp\/v2\/users\/2"}],"replies":[{"embeddable":true,"href":"https:\/\/www.rosarioalerta.com.ar\/site\/wp-json\/wp\/v2\/comments?post=28373"}],"version-history":[{"count":1,"href":"https:\/\/www.rosarioalerta.com.ar\/site\/wp-json\/wp\/v2\/posts\/28373\/revisions"}],"predecessor-version":[{"id":28375,"href":"https:\/\/www.rosarioalerta.com.ar\/site\/wp-json\/wp\/v2\/posts\/28373\/revisions\/28375"}],"wp:featuredmedia":[{"embeddable":true,"href":"https:\/\/www.rosarioalerta.com.ar\/site\/wp-json\/wp\/v2\/media\/28374"}],"wp:attachment":[{"href":"https:\/\/www.rosarioalerta.com.ar\/site\/wp-json\/wp\/v2\/media?parent=28373"}],"wp:term":[{"taxonomy":"category","embeddable":true,"href":"https:\/\/www.rosarioalerta.com.ar\/site\/wp-json\/wp\/v2\/categories?post=28373"},{"taxonomy":"post_tag","embeddable":true,"href":"https:\/\/www.rosarioalerta.com.ar\/site\/wp-json\/wp\/v2\/tags?post=28373"}],"curies":[{"name":"wp","href":"https:\/\/api.w.org\/{rel}","templated":true}]}}