{"id":28300,"date":"2025-10-13T13:17:08","date_gmt":"2025-10-13T16:17:08","guid":{"rendered":"https:\/\/www.rosarioalerta.com.ar\/site\/?p=28300"},"modified":"2025-10-13T13:17:10","modified_gmt":"2025-10-13T16:17:10","slug":"menos-muertes-en-las-rutas","status":"publish","type":"post","link":"https:\/\/www.rosarioalerta.com.ar\/site\/archivos\/28300","title":{"rendered":"Menos muertes en las rutas"},"content":{"rendered":"\n<p>Santa Fe refuerza el trabajo en seguridad vial<\/p>\n\n\n\n<p>En Rosario, <strong>Pullaro<\/strong> encabez\u00f3 una jornada provincial sobre emergencias viales y destac\u00f3 la coordinaci\u00f3n estatal que logr\u00f3 reducir los siniestros fatales al n\u00famero m\u00e1s bajo en 20 a\u00f1os.<\/p>\n\n\n\n<p>Este lunes, en Rosario, se llev\u00f3 a cabo la Jorn<strong>ada de Emergencias en Seguridad Vial<\/strong> con la participaci\u00f3n del gobernador Maximiliano Pullaro. En el encuentro, se resalt\u00f3 la importancia del trabajo coordinado entre organismos estatales para reducir la siniestralidad vial en toda la provincia.<\/p>\n\n\n\n<p>La jornada tuvo lugar en el <strong>Bioceres Arena<\/strong> y reuni\u00f3 a representantes de Salud, Seguridad, Tr\u00e1nsito, Defensa Civil, Polic\u00eda y Bomberos, entre otros actores clave. Pullaro destac\u00f3 que el objetivo es construir pol\u00edticas p\u00fablicas medibles y efectivas, con un enfoque transversal entre ministerios y agencias.<\/p>\n\n\n\n<p>\u201cApuntamos a reducir cada d\u00eda los siniestros, a mejorar los controles y a cuidar la vida de los santafesinos\u201d, sostuvo el gobernador. En la misma l\u00ednea, <strong>Carlos Torres<\/strong>, titular de la <strong>Agencia Provincial de Seguridad Vial<\/strong> (APSV), subray\u00f3 que en 2024 se registr\u00f3 \u201cla cifra m\u00e1s baja de fallecidos en accidentes viales en los \u00faltimos 20 a\u00f1os\u201d.<\/p>\n\n\n\n<p>Uno de los ejes centrales de la jornada fue el fortalecimiento de la respuesta inmediata ante emergencias, a trav\u00e9s de capacitaciones, simulaciones y protocolos de actuaci\u00f3n. Torres indic\u00f3 que la fiscalizaci\u00f3n intensiva en rutas y autopistas es clave: \u201cLa presencia en el territorio es una pol\u00edtica de Estado\u201d.<\/p>\n\n\n\n<p>Durante el evento se mencion\u00f3 tambi\u00e9n la reciente incorporaci\u00f3n de 30 camionetas patrulleras para reforzar los controles, una inversi\u00f3n provincial que supera los $1.350 millones.<\/p>\n\n\n\n<p>La ministra de Salud, Silvia Ciancio, valor\u00f3 el enfoque interministerial y la decisi\u00f3n pol\u00edtica de \u201crepensar y mejorar cada d\u00eda lo que se hace en materia de seguridad vial\u201d. Marcos Escajadillo, de Protecci\u00f3n Civil, enfatiz\u00f3 la importancia del trabajo en equipo y propuso replicar este tipo de encuentros en otras ciudades.<\/p>\n\n\n\n<p>Con indicadores que muestran avances concretos, el gobierno provincial apuesta a sostener y profundizar una estrategia que articule prevenci\u00f3n, control y formaci\u00f3n. Un compromiso con la vida que se construye desde el trabajo cotidiano y la acci\u00f3n conjunta.<\/p>\n<div class=\"newspaper-x-tags\"><strong>TAGS: <\/strong><span><a href=\"https:\/\/www.rosarioalerta.com.ar\/site\/archivos\/tag\/noticias-de-rosario\" rel=\"tag\">Noticias de Rosario<\/a><\/span><a href=\"https:\/\/www.rosarioalerta.com.ar\/site\/archivos\/tag\/rosario\" rel=\"tag\">Rosario<\/a><\/span><a href=\"https:\/\/www.rosarioalerta.com.ar\/site\/archivos\/tag\/santa-fe\" rel=\"tag\">Santa Fe<\/a> <\/div>","protected":false},"excerpt":{"rendered":"<p>Santa Fe refuerza el trabajo en seguridad vial En Rosario, Pullaro encabez\u00f3 una jornada provincial sobre emergencias viales y destac\u00f3 la coordinaci\u00f3n estatal que logr\u00f3 reducir los siniestros fatales al n\u00famero m\u00e1s bajo en 20 a\u00f1os. Este lunes, en Rosario, se llev\u00f3 a cabo la Jornada de Emergencias en Seguridad Vial con la participaci\u00f3n del [&hellip;]<\/p>\n","protected":false},"author":2,"featured_media":28301,"comment_status":"open","ping_status":"open","sticky":false,"template":"","format":"standard","meta":{"_joinchat":[],"footnotes":""},"categories":[18,21,19,10],"tags":[95,55,65],"class_list":["post-28300","post","type-post","status-publish","format-standard","has-post-thumbnail","hentry","category-institucional","category-noticias","category-seguridad-vial","category-siniestros-viales","tag-noticias-de-rosario","tag-rosario","tag-santa-fe"],"_links":{"self":[{"href":"https:\/\/www.rosarioalerta.com.ar\/site\/wp-json\/wp\/v2\/posts\/28300","targetHints":{"allow":["GET"]}}],"collection":[{"href":"https:\/\/www.rosarioalerta.com.ar\/site\/wp-json\/wp\/v2\/posts"}],"about":[{"href":"https:\/\/www.rosarioalerta.com.ar\/site\/wp-json\/wp\/v2\/types\/post"}],"author":[{"embeddable":true,"href":"https:\/\/www.rosarioalerta.com.ar\/site\/wp-json\/wp\/v2\/users\/2"}],"replies":[{"embeddable":true,"href":"https:\/\/www.rosarioalerta.com.ar\/site\/wp-json\/wp\/v2\/comments?post=28300"}],"version-history":[{"count":1,"href":"https:\/\/www.rosarioalerta.com.ar\/site\/wp-json\/wp\/v2\/posts\/28300\/revisions"}],"predecessor-version":[{"id":28302,"href":"https:\/\/www.rosarioalerta.com.ar\/site\/wp-json\/wp\/v2\/posts\/28300\/revisions\/28302"}],"wp:featuredmedia":[{"embeddable":true,"href":"https:\/\/www.rosarioalerta.com.ar\/site\/wp-json\/wp\/v2\/media\/28301"}],"wp:attachment":[{"href":"https:\/\/www.rosarioalerta.com.ar\/site\/wp-json\/wp\/v2\/media?parent=28300"}],"wp:term":[{"taxonomy":"category","embeddable":true,"href":"https:\/\/www.rosarioalerta.com.ar\/site\/wp-json\/wp\/v2\/categories?post=28300"},{"taxonomy":"post_tag","embeddable":true,"href":"https:\/\/www.rosarioalerta.com.ar\/site\/wp-json\/wp\/v2\/tags?post=28300"}],"curies":[{"name":"wp","href":"https:\/\/api.w.org\/{rel}","templated":true}]}}