{"id":28227,"date":"2025-10-08T18:18:46","date_gmt":"2025-10-08T21:18:46","guid":{"rendered":"https:\/\/www.rosarioalerta.com.ar\/site\/?p=28227"},"modified":"2025-10-08T18:18:47","modified_gmt":"2025-10-08T21:18:47","slug":"caso-nocelli-la-justicia-lo-absolvio","status":"publish","type":"post","link":"https:\/\/www.rosarioalerta.com.ar\/site\/archivos\/28227","title":{"rendered":"Caso Nocelli, la Justicia lo absolvi\u00f3"},"content":{"rendered":"\n<p>El Gobierno celebra un \u201ccambio de mirada\u201d judicial<\/p>\n\n\n\n<p>Tras m\u00e1s de cinco a\u00f1os, el polic\u00eda <strong>Luciano Nocelli<\/strong> fue absuelto por la C\u00e1mara Penal, luego de haber sido condenado por matar a dos asaltantes en 2019. <strong>Pullaro, Scaglia y Cococcioni<\/strong> celebraron el fallo como un respaldo a las fuerzas de seguridad.<\/p>\n\n\n\n<p>Este mi\u00e9rcoles, la C\u00e1mara Penal de Santa Fe absolvi\u00f3 al polic\u00eda <strong>Luciano Nocelli,<\/strong> quien en <strong>mayo de 2019<\/strong> hab\u00eda disparado y matado a dos asaltantes para impedir un robo. El hecho ocurri\u00f3 cuando <strong>Nocelli<\/strong> patrullaba y se encontr\u00f3 con un violento asalto a una joven. Seg\u00fan lo informado, intervino para proteger a la v\u00edctima y a su compa\u00f1ero herido, disparando contra los agresores.<\/p>\n\n\n\n<p>El oficial <strong>hab\u00eda sido condenado<\/strong> en <strong>2022 a 25 a\u00f1os de prisi\u00f3n por doble<\/strong> <strong>homicidio<\/strong>, bajo la figura de exceso en leg\u00edtima defensa. Sin embargo, la Corte Suprema provincial anul\u00f3 el fallo y orden\u00f3 que otro tribunal lo revise. Finalmente, este mi\u00e9rcoles se conoci\u00f3 la absoluci\u00f3n.<\/p>\n\n\n\n<p><strong>Luciano Nocelli<\/strong>, quien pas\u00f3 m\u00e1s de <strong>cinco a\u00f1os privado<\/strong> <strong>de su libertad<\/strong>, fue acusado de actuar con exceso en su rol como agente del orden. Durante los 14 segundos que dur\u00f3 el enfrentamiento, tom\u00f3 decisiones bajo presi\u00f3n extrema. Los delincuentes murieron en el lugar. La intervenci\u00f3n judicial consider\u00f3 ahora que su accionar fue dentro del marco de su deber.<\/p>\n\n\n\n<p>El gobernador Maximiliano Pullaro celebr\u00f3 el fallo: \u201cAlgo est\u00e1 cambiando en la Justicia santafesina. Celebro este cambio de mirada, por todos los buenos polic\u00edas que nos cuidan\u201d.<\/p>\n\n\n\n<p>La vicegobernadora Gisela Scaglia tambi\u00e9n expres\u00f3 su respaldo: \u201cRespetamos a los polic\u00edas que cumplen con su deber. Este fallo es un mensaje claro: nunca m\u00e1s un agente debe pasar por esto por protegernos\u201d.<\/p>\n\n\n\n<p>Por su parte, el ministro Pablo Cococcioni a\u00f1adi\u00f3: \u201cNocelli actu\u00f3 en segundos para proteger vidas. Esta decisi\u00f3n tambi\u00e9n protege a quienes patrullan d\u00eda a d\u00eda nuestras calles\u201d.<\/p>\n\n\n\n<p>La absoluci\u00f3n de <strong>Nocelli<\/strong> no solo pone fin a un largo proceso judicial, sino que tambi\u00e9n sienta un precedente en el debate sobre el uso de la fuerza por parte de las fuerzas de seguridad. El caso, cargado de tensi\u00f3n institucional, abre una nueva etapa para discutir el equilibrio entre justicia, seguridad y responsabilidad policial.<\/p>\n\n\n\n<p>Mientras tanto, desde el Gobierno provincial refuerzan el mensaje de respaldo a los agentes que, seg\u00fan sus palabras, &#8220;ponen el cuerpo para cuidar a los santafesinos&#8221;.<\/p>\n<div class=\"newspaper-x-tags\"><strong>TAGS: <\/strong><span><a href=\"https:\/\/www.rosarioalerta.com.ar\/site\/archivos\/tag\/luciano-nocelli\" rel=\"tag\">Luciano Nocelli<\/a><\/span><a href=\"https:\/\/www.rosarioalerta.com.ar\/site\/archivos\/tag\/noticias-de-rosario\" rel=\"tag\">Noticias de Rosario<\/a><\/span><a href=\"https:\/\/www.rosarioalerta.com.ar\/site\/archivos\/tag\/rosario\" rel=\"tag\">Rosario<\/a><\/span><a href=\"https:\/\/www.rosarioalerta.com.ar\/site\/archivos\/tag\/santa-fe\" rel=\"tag\">Santa Fe<\/a> <\/div>","protected":false},"excerpt":{"rendered":"<p>El Gobierno celebra un \u201ccambio de mirada\u201d judicial Tras m\u00e1s de cinco a\u00f1os, el polic\u00eda Luciano Nocelli fue absuelto por la C\u00e1mara Penal, luego de haber sido condenado por matar a dos asaltantes en 2019. Pullaro, Scaglia y Cococcioni celebraron el fallo como un respaldo a las fuerzas de seguridad. Este mi\u00e9rcoles, la C\u00e1mara Penal [&hellip;]<\/p>\n","protected":false},"author":2,"featured_media":28228,"comment_status":"open","ping_status":"open","sticky":false,"template":"","format":"standard","meta":{"_joinchat":[],"footnotes":""},"categories":[18,13,21],"tags":[1068,95,55,65],"class_list":["post-28227","post","type-post","status-publish","format-standard","has-post-thumbnail","hentry","category-institucional","category-judiciales","category-noticias","tag-luciano-nocelli","tag-noticias-de-rosario","tag-rosario","tag-santa-fe"],"_links":{"self":[{"href":"https:\/\/www.rosarioalerta.com.ar\/site\/wp-json\/wp\/v2\/posts\/28227","targetHints":{"allow":["GET"]}}],"collection":[{"href":"https:\/\/www.rosarioalerta.com.ar\/site\/wp-json\/wp\/v2\/posts"}],"about":[{"href":"https:\/\/www.rosarioalerta.com.ar\/site\/wp-json\/wp\/v2\/types\/post"}],"author":[{"embeddable":true,"href":"https:\/\/www.rosarioalerta.com.ar\/site\/wp-json\/wp\/v2\/users\/2"}],"replies":[{"embeddable":true,"href":"https:\/\/www.rosarioalerta.com.ar\/site\/wp-json\/wp\/v2\/comments?post=28227"}],"version-history":[{"count":1,"href":"https:\/\/www.rosarioalerta.com.ar\/site\/wp-json\/wp\/v2\/posts\/28227\/revisions"}],"predecessor-version":[{"id":28229,"href":"https:\/\/www.rosarioalerta.com.ar\/site\/wp-json\/wp\/v2\/posts\/28227\/revisions\/28229"}],"wp:featuredmedia":[{"embeddable":true,"href":"https:\/\/www.rosarioalerta.com.ar\/site\/wp-json\/wp\/v2\/media\/28228"}],"wp:attachment":[{"href":"https:\/\/www.rosarioalerta.com.ar\/site\/wp-json\/wp\/v2\/media?parent=28227"}],"wp:term":[{"taxonomy":"category","embeddable":true,"href":"https:\/\/www.rosarioalerta.com.ar\/site\/wp-json\/wp\/v2\/categories?post=28227"},{"taxonomy":"post_tag","embeddable":true,"href":"https:\/\/www.rosarioalerta.com.ar\/site\/wp-json\/wp\/v2\/tags?post=28227"}],"curies":[{"name":"wp","href":"https:\/\/api.w.org\/{rel}","templated":true}]}}