{"id":28081,"date":"2025-10-01T07:52:16","date_gmt":"2025-10-01T10:52:16","guid":{"rendered":"https:\/\/www.rosarioalerta.com.ar\/site\/?p=28081"},"modified":"2025-10-01T07:52:17","modified_gmt":"2025-10-01T10:52:17","slug":"fentanilo-fuera-de-control","status":"publish","type":"post","link":"https:\/\/www.rosarioalerta.com.ar\/site\/archivos\/28081","title":{"rendered":"Fentanilo fuera de control"},"content":{"rendered":"\n<p><\/p>\n\n\n\n<p>Detuvieron a un enfermero del PAMI por tr\u00e1fico ilegal<\/p>\n\n\n\n<p>La Gendarmer\u00eda detuvo a un enfermero del <strong>PAMI II<\/strong> por comercializar <strong>fentanilo<\/strong> <strong>y otros f\u00e1rmacos<\/strong> cr\u00edticos de uso exclusivo hospitalario. La Justicia Federal lo investiga por su posible vinculaci\u00f3n con la muerte de un joven en 2023.<\/p>\n\n\n\n<p>Un enfermero del <strong>Policl\u00ednico PAMI II de Rosario<\/strong> fue detenido en las \u00faltimas horas en el marco de una investigaci\u00f3n federal que lo se\u00f1ala como presunto responsable de sustraer y vender de forma ilegal medicamentos de uso cr\u00edtico, entre ellos fentanilo y bromuro de vecuronio, anest\u00e9sicos de uso exclusivo en cuidados intensivos.<\/p>\n\n\n\n<p>La detenci\u00f3n se concret\u00f3 tras cuatro allanamientos realizados por la <strong>Gendarmer\u00eda Nacional<\/strong>: tres en <strong>Rosario<\/strong> y uno en <strong>Villa Gobernador G\u00e1lvez.<\/strong> En el domicilio del trabajador de salud, as\u00ed como en el propio centro asistencial de calle <strong>Oliv\u00e9 al 1100<\/strong>, se secuestraron ampollas de f\u00e1rmacos controlados cuyo uso fuera del \u00e1mbito hospitalario est\u00e1 absolutamente prohibido.<\/p>\n\n\n\n<p>El enfermero, de 42 a\u00f1os, trabaja en el PAMI desde 2014 y ser\u00e1 imputado el pr\u00f3ximo viernes ante el juez federal Rom\u00e1n Lanz\u00f3n, por pedido del Ministerio P\u00fablico Fiscal. La causa est\u00e1 en manos del \u00c1rea de Delitos Complejos de la Unidad Fiscal Rosario, con intervenci\u00f3n de la Procunar (Procuradur\u00eda de Narcocriminalidad) y la UFI-PAMI.<\/p>\n\n\n\n<p>Seg\u00fan fuentes judiciales, el acusado habr\u00eda facilitado ampollas de fentanilo a un joven con consumo problem\u00e1tico, quien falleci\u00f3 en agosto de 2023 en Rosario. Es el primer caso en la ciudad en que la justicia detecta el uso de fentanilo de forma recreativa, una situaci\u00f3n con graves precedentes en pa\u00edses como Estados Unidos.<\/p>\n\n\n\n<p>El caso destap\u00f3 una red de comercializaci\u00f3n clandestina y extremadamente riesgosa, con productos que pueden ser letales fuera del entorno m\u00e9dico. Desde la fiscal\u00eda advirtieron sobre la gravedad de este fen\u00f3meno y destacaron la labor coordinada de los equipos de investigaci\u00f3n.<\/p>\n\n\n\n<p>Este caso marca un precedente alarmante: la fuga de medicamentos cr\u00edticos desde el sistema de salud p\u00fablico hacia el mercado ilegal. La Justicia Federal avanza en una investigaci\u00f3n que, m\u00e1s all\u00e1 de la responsabilidad individual, expone los riesgos de control en el manejo de sustancias de alta peligrosidad.<\/p>\n<div class=\"newspaper-x-tags\"><strong>TAGS: <\/strong><span><a href=\"https:\/\/www.rosarioalerta.com.ar\/site\/archivos\/tag\/fentanilo\" rel=\"tag\">Fentanilo<\/a><\/span><a href=\"https:\/\/www.rosarioalerta.com.ar\/site\/archivos\/tag\/noticias-de-rosario\" rel=\"tag\">Noticias de Rosario<\/a><\/span><a href=\"https:\/\/www.rosarioalerta.com.ar\/site\/archivos\/tag\/pami-ii\" rel=\"tag\">Pami II<\/a><\/span><a href=\"https:\/\/www.rosarioalerta.com.ar\/site\/archivos\/tag\/rosario\" rel=\"tag\">Rosario<\/a><\/span><a href=\"https:\/\/www.rosarioalerta.com.ar\/site\/archivos\/tag\/santa-fe\" rel=\"tag\">Santa Fe<\/a> <\/div>","protected":false},"excerpt":{"rendered":"<p>Detuvieron a un enfermero del PAMI por tr\u00e1fico ilegal La Gendarmer\u00eda detuvo a un enfermero del PAMI II por comercializar fentanilo y otros f\u00e1rmacos cr\u00edticos de uso exclusivo hospitalario. La Justicia Federal lo investiga por su posible vinculaci\u00f3n con la muerte de un joven en 2023. Un enfermero del Policl\u00ednico PAMI II de Rosario fue [&hellip;]<\/p>\n","protected":false},"author":2,"featured_media":28082,"comment_status":"open","ping_status":"open","sticky":false,"template":"","format":"standard","meta":{"_joinchat":[],"footnotes":""},"categories":[12,11,21,14],"tags":[1609,95,1808,55,65],"class_list":["post-28081","post","type-post","status-publish","format-standard","has-post-thumbnail","hentry","category-allanamientos","category-detenidos","category-noticias","category-policiales","tag-fentanilo","tag-noticias-de-rosario","tag-pami-ii","tag-rosario","tag-santa-fe"],"_links":{"self":[{"href":"https:\/\/www.rosarioalerta.com.ar\/site\/wp-json\/wp\/v2\/posts\/28081","targetHints":{"allow":["GET"]}}],"collection":[{"href":"https:\/\/www.rosarioalerta.com.ar\/site\/wp-json\/wp\/v2\/posts"}],"about":[{"href":"https:\/\/www.rosarioalerta.com.ar\/site\/wp-json\/wp\/v2\/types\/post"}],"author":[{"embeddable":true,"href":"https:\/\/www.rosarioalerta.com.ar\/site\/wp-json\/wp\/v2\/users\/2"}],"replies":[{"embeddable":true,"href":"https:\/\/www.rosarioalerta.com.ar\/site\/wp-json\/wp\/v2\/comments?post=28081"}],"version-history":[{"count":1,"href":"https:\/\/www.rosarioalerta.com.ar\/site\/wp-json\/wp\/v2\/posts\/28081\/revisions"}],"predecessor-version":[{"id":28083,"href":"https:\/\/www.rosarioalerta.com.ar\/site\/wp-json\/wp\/v2\/posts\/28081\/revisions\/28083"}],"wp:featuredmedia":[{"embeddable":true,"href":"https:\/\/www.rosarioalerta.com.ar\/site\/wp-json\/wp\/v2\/media\/28082"}],"wp:attachment":[{"href":"https:\/\/www.rosarioalerta.com.ar\/site\/wp-json\/wp\/v2\/media?parent=28081"}],"wp:term":[{"taxonomy":"category","embeddable":true,"href":"https:\/\/www.rosarioalerta.com.ar\/site\/wp-json\/wp\/v2\/categories?post=28081"},{"taxonomy":"post_tag","embeddable":true,"href":"https:\/\/www.rosarioalerta.com.ar\/site\/wp-json\/wp\/v2\/tags?post=28081"}],"curies":[{"name":"wp","href":"https:\/\/api.w.org\/{rel}","templated":true}]}}