{"id":27856,"date":"2025-09-18T08:13:52","date_gmt":"2025-09-18T11:13:52","guid":{"rendered":"https:\/\/www.rosarioalerta.com.ar\/site\/?p=27856"},"modified":"2025-09-18T08:13:53","modified_gmt":"2025-09-18T11:13:53","slug":"murio-la-segunda-victima-de-la-colision-fatal-en-zona-sur","status":"publish","type":"post","link":"https:\/\/www.rosarioalerta.com.ar\/site\/archivos\/27856","title":{"rendered":"Muri\u00f3 la segunda v\u00edctima de la colisi\u00f3n fatal en zona sur"},"content":{"rendered":"\n<p>En la madrugada del s\u00e1bado tras chocar, hab\u00eda fallecido una mujer, anoche tambi\u00e9n muri\u00f3 su acompa\u00f1ante<\/p>\n\n\n\n<p>Un violento siniestro vial ocurrido en las primeras horas del s\u00e1bado termin\u00f3 con la muerte de una mujer de 45 a\u00f1os en el lugar del hecho y del conductor, de 28 a\u00f1os, d\u00edas despu\u00e9s en el hospital.<\/p>\n\n\n\n<p>La madrugada del s\u00e1bado 13 de septiembre se ti\u00f1\u00f3 de luto en la ciudad. Minutos antes de las 5, un autom\u00f3vil que circulaba por <strong>Ovidio Lagos<\/strong> impact\u00f3 violentamente <strong>contra una columna de alumbrado p\u00fablico<\/strong> en la intersecci\u00f3n con calle <strong>24 de Septiembre<\/strong>. El choque dej\u00f3 dos v\u00edctimas fatales: una mujer que falleci\u00f3 en el lugar y un joven que muri\u00f3 d\u00edas despu\u00e9s tras permanecer internado en estado cr\u00edtico.<\/p>\n\n\n\n<p>El veh\u00edculo involucrado era un Renault Kwid blanco, conducido por <strong>Alejandro Javier P\u00e9rez de 28 a\u00f1os<\/strong>, quien iba acompa\u00f1ado por <strong>Mariana Valeria Pucheta de 45 a\u00f1os<\/strong>. Seg\u00fan fuentes oficiales, al momento de la llegada de las primeras unidades, <strong>Mariana<\/strong> se encontraba sin signos vitales en el asiento del acompa\u00f1ante. <strong>P\u00e9rez<\/strong> fue hallado tendido sobre el asfalto, con m\u00faltiples politraumatismos.<\/p>\n\n\n\n<p>El equipo m\u00e9dico del <strong>SIES<\/strong> confirm\u00f3 el fallecimiento de la mujer en el lugar y traslad\u00f3 al conductor al <strong>Hospital de Emergencias Clemente \u00c1lvarez<\/strong> (HECA), donde permaneci\u00f3 internado en terapia intensiva. A pesar de los esfuerzos m\u00e9dicos, <strong>P\u00e9rez<\/strong> falleci\u00f3 en la madrugada del mi\u00e9rcoles, seg\u00fan informaron desde el nosocomio.<\/p>\n\n\n\n<p>Las autoridades realizaron las tareas periciales correspondientes y secuestraron el veh\u00edculo, que sufri\u00f3 severos da\u00f1os en toda su parte frontal. La columna de alumbrado tambi\u00e9n result\u00f3 afectada.<\/p>\n<div class=\"newspaper-x-tags\"><strong>TAGS: <\/strong><span><a href=\"https:\/\/www.rosarioalerta.com.ar\/site\/archivos\/tag\/noticias-de-rosario\" rel=\"tag\">Noticias de Rosario<\/a><\/span><a href=\"https:\/\/www.rosarioalerta.com.ar\/site\/archivos\/tag\/rosario\" rel=\"tag\">Rosario<\/a><\/span><a href=\"https:\/\/www.rosarioalerta.com.ar\/site\/archivos\/tag\/santa-fe\" rel=\"tag\">Santa Fe<\/a> <\/div>","protected":false},"excerpt":{"rendered":"<p>En la madrugada del s\u00e1bado tras chocar, hab\u00eda fallecido una mujer, anoche tambi\u00e9n muri\u00f3 su acompa\u00f1ante Un violento siniestro vial ocurrido en las primeras horas del s\u00e1bado termin\u00f3 con la muerte de una mujer de 45 a\u00f1os en el lugar del hecho y del conductor, de 28 a\u00f1os, d\u00edas despu\u00e9s en el hospital. La madrugada [&hellip;]<\/p>\n","protected":false},"author":2,"featured_media":27857,"comment_status":"open","ping_status":"open","sticky":false,"template":"","format":"standard","meta":{"_joinchat":[],"footnotes":""},"categories":[21,14,10],"tags":[95,55,65],"class_list":["post-27856","post","type-post","status-publish","format-standard","has-post-thumbnail","hentry","category-noticias","category-policiales","category-siniestros-viales","tag-noticias-de-rosario","tag-rosario","tag-santa-fe"],"_links":{"self":[{"href":"https:\/\/www.rosarioalerta.com.ar\/site\/wp-json\/wp\/v2\/posts\/27856","targetHints":{"allow":["GET"]}}],"collection":[{"href":"https:\/\/www.rosarioalerta.com.ar\/site\/wp-json\/wp\/v2\/posts"}],"about":[{"href":"https:\/\/www.rosarioalerta.com.ar\/site\/wp-json\/wp\/v2\/types\/post"}],"author":[{"embeddable":true,"href":"https:\/\/www.rosarioalerta.com.ar\/site\/wp-json\/wp\/v2\/users\/2"}],"replies":[{"embeddable":true,"href":"https:\/\/www.rosarioalerta.com.ar\/site\/wp-json\/wp\/v2\/comments?post=27856"}],"version-history":[{"count":1,"href":"https:\/\/www.rosarioalerta.com.ar\/site\/wp-json\/wp\/v2\/posts\/27856\/revisions"}],"predecessor-version":[{"id":27858,"href":"https:\/\/www.rosarioalerta.com.ar\/site\/wp-json\/wp\/v2\/posts\/27856\/revisions\/27858"}],"wp:featuredmedia":[{"embeddable":true,"href":"https:\/\/www.rosarioalerta.com.ar\/site\/wp-json\/wp\/v2\/media\/27857"}],"wp:attachment":[{"href":"https:\/\/www.rosarioalerta.com.ar\/site\/wp-json\/wp\/v2\/media?parent=27856"}],"wp:term":[{"taxonomy":"category","embeddable":true,"href":"https:\/\/www.rosarioalerta.com.ar\/site\/wp-json\/wp\/v2\/categories?post=27856"},{"taxonomy":"post_tag","embeddable":true,"href":"https:\/\/www.rosarioalerta.com.ar\/site\/wp-json\/wp\/v2\/tags?post=27856"}],"curies":[{"name":"wp","href":"https:\/\/api.w.org\/{rel}","templated":true}]}}