{"id":27758,"date":"2025-09-13T08:59:17","date_gmt":"2025-09-13T11:59:17","guid":{"rendered":"https:\/\/www.rosarioalerta.com.ar\/site\/?p=27758"},"modified":"2025-09-13T08:59:25","modified_gmt":"2025-09-13T11:59:25","slug":"tragedia-vial","status":"publish","type":"post","link":"https:\/\/www.rosarioalerta.com.ar\/site\/archivos\/27758","title":{"rendered":"Tragedia vial"},"content":{"rendered":"\n<p>Una mujer muri\u00f3 tras un siniestro vial en zona sur<\/p>\n\n\n\n<p>Un Renault Kwid impact\u00f3 contra una columna de alumbrado en el cantero central. La joven acompa\u00f1ante perdi\u00f3 la vida en el acto. El conductor fue trasladado con heridas graves al HECA.<\/p>\n\n\n\n<p>Un siniestro vial tuvo lugar esta madrugada con consecuencias fatales, cuando un autom\u00f3vil impact\u00f3 violentamente contra una columna de iluminaci\u00f3n en la intersecci\u00f3n de <strong>Ov. Lagos y 24 de Septiembre<\/strong>, en el sur de la ciudad.<\/p>\n\n\n\n<p>El siniestro ocurri\u00f3 alrededor de las 4.30 de este s\u00e1bado, cuando un Renault Kwid blanco, perdi\u00f3 el control e impact\u00f3 contra el cantero central. El conductor de 28 a\u00f1os, result\u00f3 con politraumatismos y fue trasladado de urgencia al <strong>Hospital de Emergencias Clemente \u00c1lvarez<\/strong> (HECA) por personal del <strong>SIES<\/strong>.<\/p>\n\n\n\n<p>La situaci\u00f3n fue a\u00fan m\u00e1s grave para su acompa\u00f1ante, <strong>Mariana Pucheta<\/strong>, quien lamentablemente falleci\u00f3 en el lugar del impacto. La joven no logr\u00f3 ser reanimada por el equipo m\u00e9dico que arrib\u00f3 minutos despu\u00e9s. La Dra. Tramontini, del <strong>SIES<\/strong>, confirm\u00f3 su deceso en el lugar.<\/p>\n\n\n\n<p>Seg\u00fan la informaci\u00f3n oficial, personal de <strong>Bomberos Zapadores<\/strong> acudieron al lugar, junto a la <strong>PDI<\/strong> y m\u00f3viles policiales. Al arribar, observaron el estado severo del veh\u00edculo: da\u00f1os frontales importantes, incluyendo parabrisas destruido, \u00f3pticas, parrilla y paragolpes destrozados.<\/p>\n\n\n\n<p>La <strong>Polic\u00eda de Investigaciones<\/strong> (PDI) y peritos t\u00e9cnicos trabajaron en el sitio para recabar pruebas e intentar reconstruir la mec\u00e1nica del hecho. Si bien las causas del siniestro a\u00fan est\u00e1n en evaluaci\u00f3n, no se descarta exceso de velocidad o p\u00e9rdida de control como posibles factores.<\/p>\n\n\n\n<p>El tr\u00e1gico siniestro suma un nuevo caso a la creciente preocupaci\u00f3n por la seguridad vial en horarios nocturnos en Rosario. Vecinos de la zona, a\u00fan conmocionados, piden mayor control y presencia preventiva.<\/p>\n<div class=\"newspaper-x-tags\"><strong>TAGS: <\/strong><span><a href=\"https:\/\/www.rosarioalerta.com.ar\/site\/archivos\/tag\/noticias-de-rosario\" rel=\"tag\">Noticias de Rosario<\/a><\/span><a href=\"https:\/\/www.rosarioalerta.com.ar\/site\/archivos\/tag\/rosario\" rel=\"tag\">Rosario<\/a><\/span><a href=\"https:\/\/www.rosarioalerta.com.ar\/site\/archivos\/tag\/santa-fe\" rel=\"tag\">Santa Fe<\/a> <\/div>","protected":false},"excerpt":{"rendered":"<p>Una mujer muri\u00f3 tras un siniestro vial en zona sur Un Renault Kwid impact\u00f3 contra una columna de alumbrado en el cantero central. La joven acompa\u00f1ante perdi\u00f3 la vida en el acto. El conductor fue trasladado con heridas graves al HECA. Un siniestro vial tuvo lugar esta madrugada con consecuencias fatales, cuando un autom\u00f3vil impact\u00f3 [&hellip;]<\/p>\n","protected":false},"author":2,"featured_media":27760,"comment_status":"open","ping_status":"open","sticky":false,"template":"","format":"standard","meta":{"_joinchat":[],"footnotes":""},"categories":[21,14,10],"tags":[95,55,65],"class_list":["post-27758","post","type-post","status-publish","format-standard","has-post-thumbnail","hentry","category-noticias","category-policiales","category-siniestros-viales","tag-noticias-de-rosario","tag-rosario","tag-santa-fe"],"_links":{"self":[{"href":"https:\/\/www.rosarioalerta.com.ar\/site\/wp-json\/wp\/v2\/posts\/27758","targetHints":{"allow":["GET"]}}],"collection":[{"href":"https:\/\/www.rosarioalerta.com.ar\/site\/wp-json\/wp\/v2\/posts"}],"about":[{"href":"https:\/\/www.rosarioalerta.com.ar\/site\/wp-json\/wp\/v2\/types\/post"}],"author":[{"embeddable":true,"href":"https:\/\/www.rosarioalerta.com.ar\/site\/wp-json\/wp\/v2\/users\/2"}],"replies":[{"embeddable":true,"href":"https:\/\/www.rosarioalerta.com.ar\/site\/wp-json\/wp\/v2\/comments?post=27758"}],"version-history":[{"count":1,"href":"https:\/\/www.rosarioalerta.com.ar\/site\/wp-json\/wp\/v2\/posts\/27758\/revisions"}],"predecessor-version":[{"id":27761,"href":"https:\/\/www.rosarioalerta.com.ar\/site\/wp-json\/wp\/v2\/posts\/27758\/revisions\/27761"}],"wp:featuredmedia":[{"embeddable":true,"href":"https:\/\/www.rosarioalerta.com.ar\/site\/wp-json\/wp\/v2\/media\/27760"}],"wp:attachment":[{"href":"https:\/\/www.rosarioalerta.com.ar\/site\/wp-json\/wp\/v2\/media?parent=27758"}],"wp:term":[{"taxonomy":"category","embeddable":true,"href":"https:\/\/www.rosarioalerta.com.ar\/site\/wp-json\/wp\/v2\/categories?post=27758"},{"taxonomy":"post_tag","embeddable":true,"href":"https:\/\/www.rosarioalerta.com.ar\/site\/wp-json\/wp\/v2\/tags?post=27758"}],"curies":[{"name":"wp","href":"https:\/\/api.w.org\/{rel}","templated":true}]}}