{"id":27521,"date":"2025-09-03T07:28:42","date_gmt":"2025-09-03T10:28:42","guid":{"rendered":"https:\/\/www.rosarioalerta.com.ar\/site\/?p=27521"},"modified":"2025-09-03T07:28:48","modified_gmt":"2025-09-03T10:28:48","slug":"recapturaron-al-ultimo-de-los-evadidos","status":"publish","type":"post","link":"https:\/\/www.rosarioalerta.com.ar\/site\/archivos\/27521","title":{"rendered":"Recapturaron al \u00faltimo de los evadidos"},"content":{"rendered":"\n<p>Se trata del joven de 22 a\u00f1os, que hab\u00eda lograron escaparse el lunes por la noche<\/p>\n\n\n\n<p><strong>Ignacio Ruiz de 22 a\u00f1os<\/strong>, fue detenido en la madrugada mientras circulaba en un taxi por <strong>Oro\u00f1o y Uriburu<\/strong>. Con esta aprehensi\u00f3n, ya no quedan pr\u00f3fugos tras la fuga del lunes por la noche en Rosario.<\/p>\n\n\n\n<p>La madrugada de este martes trajo consigo el cierre de uno de los episodios m\u00e1s preocupantes de los \u00faltimos d\u00edas en Rosario: la recaptura del \u00faltimo de los evadidos de la <strong>Comisar\u00eda 21\u00ba<\/strong>, ubicada en la zona sur de la ciudad. <strong>Ignacio El\u00edas Ruiz de 22 a\u00f1os<\/strong>, fue interceptado por personal del <strong>Comando Radioel\u00e9ctrico<\/strong> cuando viajaba en un <strong>taxi<\/strong> por <strong>Oro\u00f1o y Uriburu<\/strong>.<\/p>\n\n\n\n<p>El joven se encontraba pr\u00f3fugo desde la noche del lunes, tras haberse fugado junto a otros internos de la dependencia policial. <strong>Ruiz<\/strong> estaba imputado por un robo en grado de tentativa en calidad de coautor. Su fuga gener\u00f3 un operativo policial que incluy\u00f3 patrullajes, relevamientos y alertas emitidas a m\u00f3viles en toda la ciudad.<\/p>\n\n\n\n<p>Seg\u00fan el parte oficial, durante la madrugada se recibi\u00f3 un aviso que se\u00f1alaba que <strong>Ruiz<\/strong> estar\u00eda circulando en un taxi. Los efectivos del Comando identificaron el veh\u00edculo, lo detuvieron y solicitaron al pasajero que descendiera. Al ser consultado, el joven se identific\u00f3 como <strong>Ignacio Ruiz.<\/strong> Tras cotejar sus datos, se confirm\u00f3 que se trataba del \u00faltimo evadido pendiente de recaptura.<\/p>\n\n\n\n<p>La aprehensi\u00f3n se formaliz\u00f3 en el lugar y <strong>Ruiz<\/strong> fue trasladado nuevamente a dependencias policiales, quedando a disposici\u00f3n de la Fiscal\u00eda y con nuevas actuaciones iniciadas por evasi\u00f3n.<\/p>\n\n\n\n<p>El martes al mediod\u00eda ya hab\u00eda sido recapturado otro de los fugados, <strong>Francisco Torren<\/strong>, por lo que con esta nueva detenci\u00f3n no quedan internos evadidos en relaci\u00f3n con la fuga ocurrida en la <strong>Comisar\u00eda 21\u00ba<\/strong><\/p>\n\n\n\n<p>Las autoridades eval\u00faan ahora posibles responsabilidades internas y refuerzan protocolos de seguridad para evitar hechos similares.<\/p>\n<div class=\"newspaper-x-tags\"><strong>TAGS: <\/strong><span><a href=\"https:\/\/www.rosarioalerta.com.ar\/site\/archivos\/tag\/ignacio-elias-ruiz\" rel=\"tag\">Ignacio El\u00edas Ruiz<\/a><\/span><a href=\"https:\/\/www.rosarioalerta.com.ar\/site\/archivos\/tag\/noticias-de-rosario\" rel=\"tag\">Noticias de Rosario<\/a><\/span><a href=\"https:\/\/www.rosarioalerta.com.ar\/site\/archivos\/tag\/rosario\" rel=\"tag\">Rosario<\/a><\/span><a href=\"https:\/\/www.rosarioalerta.com.ar\/site\/archivos\/tag\/santa-fe\" rel=\"tag\">Santa Fe<\/a> <\/div>","protected":false},"excerpt":{"rendered":"<p>Se trata del joven de 22 a\u00f1os, que hab\u00eda lograron escaparse el lunes por la noche Ignacio Ruiz de 22 a\u00f1os, fue detenido en la madrugada mientras circulaba en un taxi por Oro\u00f1o y Uriburu. Con esta aprehensi\u00f3n, ya no quedan pr\u00f3fugos tras la fuga del lunes por la noche en Rosario. La madrugada de [&hellip;]<\/p>\n","protected":false},"author":2,"featured_media":27522,"comment_status":"open","ping_status":"open","sticky":false,"template":"","format":"standard","meta":{"_joinchat":[],"footnotes":""},"categories":[11,21,14],"tags":[1744,95,55,65],"class_list":["post-27521","post","type-post","status-publish","format-standard","has-post-thumbnail","hentry","category-detenidos","category-noticias","category-policiales","tag-ignacio-elias-ruiz","tag-noticias-de-rosario","tag-rosario","tag-santa-fe"],"_links":{"self":[{"href":"https:\/\/www.rosarioalerta.com.ar\/site\/wp-json\/wp\/v2\/posts\/27521","targetHints":{"allow":["GET"]}}],"collection":[{"href":"https:\/\/www.rosarioalerta.com.ar\/site\/wp-json\/wp\/v2\/posts"}],"about":[{"href":"https:\/\/www.rosarioalerta.com.ar\/site\/wp-json\/wp\/v2\/types\/post"}],"author":[{"embeddable":true,"href":"https:\/\/www.rosarioalerta.com.ar\/site\/wp-json\/wp\/v2\/users\/2"}],"replies":[{"embeddable":true,"href":"https:\/\/www.rosarioalerta.com.ar\/site\/wp-json\/wp\/v2\/comments?post=27521"}],"version-history":[{"count":1,"href":"https:\/\/www.rosarioalerta.com.ar\/site\/wp-json\/wp\/v2\/posts\/27521\/revisions"}],"predecessor-version":[{"id":27523,"href":"https:\/\/www.rosarioalerta.com.ar\/site\/wp-json\/wp\/v2\/posts\/27521\/revisions\/27523"}],"wp:featuredmedia":[{"embeddable":true,"href":"https:\/\/www.rosarioalerta.com.ar\/site\/wp-json\/wp\/v2\/media\/27522"}],"wp:attachment":[{"href":"https:\/\/www.rosarioalerta.com.ar\/site\/wp-json\/wp\/v2\/media?parent=27521"}],"wp:term":[{"taxonomy":"category","embeddable":true,"href":"https:\/\/www.rosarioalerta.com.ar\/site\/wp-json\/wp\/v2\/categories?post=27521"},{"taxonomy":"post_tag","embeddable":true,"href":"https:\/\/www.rosarioalerta.com.ar\/site\/wp-json\/wp\/v2\/tags?post=27521"}],"curies":[{"name":"wp","href":"https:\/\/api.w.org\/{rel}","templated":true}]}}