{"id":27503,"date":"2025-09-02T13:26:29","date_gmt":"2025-09-02T16:26:29","guid":{"rendered":"https:\/\/www.rosarioalerta.com.ar\/site\/?p=27503"},"modified":"2025-09-02T13:33:37","modified_gmt":"2025-09-02T16:33:37","slug":"fuga-y-captura","status":"publish","type":"post","link":"https:\/\/www.rosarioalerta.com.ar\/site\/archivos\/27503","title":{"rendered":"Fuga y captura"},"content":{"rendered":"\n<p>Recapturan a uno de los evadidos de la Comisar\u00eda 21\u00ba<\/p>\n\n\n\n<p><strong>Francisco Torr\u00e9n<\/strong>, uno de los dos presos que permanec\u00eda pr\u00f3fugo tras la fuga del lunes por la noche, fue detenido en un operativo policial en la zona sudoeste de Rosario. A\u00fan hay un evadido sin localizar.<\/p>\n\n\n\n<p>Antes del mediod\u00eda de este martes, personal policial logr\u00f3 la recaptura de <strong>Francisco Benjam\u00edn Torr\u00e9n<\/strong>, uno de los detenidos que se hab\u00eda evadido de la <strong>Comisar\u00eda 21\u00ba<\/strong> de Rosario en la noche de este lunes. El operativo se concret\u00f3 en calle <strong>27 de Febrero y Colombres<\/strong>, en el sudoeste de la ciudad, luego de tareas de vigilancia e investigaci\u00f3n.<\/p>\n\n\n\n<p>El hecho hab\u00eda generado una intensa b\u00fasqueda desde la madrugada, luego de que se confirmara la fuga de cuatro internos desde el penal de la seccional ubicada en <strong>Arij\u00f3n al 2300<\/strong>, una dependencia que oficia como lugar de alojamiento transitorio hasta el traslado de los detenidos al <strong>Servicio Penitenciario<\/strong>.<\/p>\n\n\n\n<p>El intento de evasi\u00f3n se produjo alrededor de las 23:30, cuando los detenidos solicitaron agua caliente. En ese momento, al abrirse la puerta del penal, uno de los internos \u2014identificado como <strong>Claudio Gabriel G<\/strong>.\u2014 se abalanz\u00f3 sobre la entrada, facilitando la salida de otros reclusos hacia el patio y los techos de la comisar\u00eda. Durante el intento de huida, realizaron disparos disuasivos con escopetas y se lograron reducir a uno de los cabecillas. La Polic\u00eda Federal recaptur\u00f3 a <strong>Leandro Mat\u00edas Acu\u00f1a<\/strong>, mientras que otro de los evadidos, <strong>Javier Batalla<\/strong>, fue detenido en inmediaciones de <strong>Santiago y Arij\u00f3n<\/strong>. <strong>Torr\u00e9n y Ruiz Ignacio El\u00edas<\/strong> lograron escapar.<\/p>\n\n\n\n<p>Con la detenci\u00f3n de <strong>Torr\u00e9n<\/strong>, el total de recapturados asciende a tres de los cuatro implicados. Resta localizar a <strong>Ignacio El\u00edas Ruiz<\/strong>, acusado de robo en grado de tentativa. Las fuerzas de seguridad contin\u00faan con los operativos en distintos puntos de Rosario.<\/p>\n\n\n\n<p>Desde la Jefatura policial, informaron que, al momento del escape, la <strong>Comisar\u00eda 21\u00ba<\/strong> alojaba a 16 detenidos, capacidad m\u00e1xima del lugar, los cuales no permanecen m\u00e1s de una semana, en la dependencia, hasta que son imputados y luego trasladados al <strong>Servicio Penitenciario<\/strong><\/p>\n<div class=\"newspaper-x-tags\"><strong>TAGS: <\/strong><span><a href=\"https:\/\/www.rosarioalerta.com.ar\/site\/archivos\/tag\/comisaria-21o\" rel=\"tag\">Comisar\u00eda 21\u00ba<\/a><\/span><a href=\"https:\/\/www.rosarioalerta.com.ar\/site\/archivos\/tag\/francisco-benjamin-torren\" rel=\"tag\">Francisco Benjam\u00edn Torr\u00e9n<\/a><\/span><a href=\"https:\/\/www.rosarioalerta.com.ar\/site\/archivos\/tag\/noticias-de-rosario\" rel=\"tag\">Noticias de Rosario<\/a><\/span><a href=\"https:\/\/www.rosarioalerta.com.ar\/site\/archivos\/tag\/rosario\" rel=\"tag\">Rosario<\/a><\/span><a href=\"https:\/\/www.rosarioalerta.com.ar\/site\/archivos\/tag\/santa-fe\" rel=\"tag\">Santa Fe<\/a> <\/div>","protected":false},"excerpt":{"rendered":"<p>Recapturan a uno de los evadidos de la Comisar\u00eda 21\u00ba Francisco Torr\u00e9n, uno de los dos presos que permanec\u00eda pr\u00f3fugo tras la fuga del lunes por la noche, fue detenido en un operativo policial en la zona sudoeste de Rosario. A\u00fan hay un evadido sin localizar. Antes del mediod\u00eda de este martes, personal policial logr\u00f3 [&hellip;]<\/p>\n","protected":false},"author":2,"featured_media":27504,"comment_status":"open","ping_status":"open","sticky":false,"template":"","format":"standard","meta":{"_joinchat":[],"footnotes":""},"categories":[12,11,21,14],"tags":[1078,1746,95,55,65],"class_list":["post-27503","post","type-post","status-publish","format-standard","has-post-thumbnail","hentry","category-allanamientos","category-detenidos","category-noticias","category-policiales","tag-comisaria-21o","tag-francisco-benjamin-torren","tag-noticias-de-rosario","tag-rosario","tag-santa-fe"],"_links":{"self":[{"href":"https:\/\/www.rosarioalerta.com.ar\/site\/wp-json\/wp\/v2\/posts\/27503","targetHints":{"allow":["GET"]}}],"collection":[{"href":"https:\/\/www.rosarioalerta.com.ar\/site\/wp-json\/wp\/v2\/posts"}],"about":[{"href":"https:\/\/www.rosarioalerta.com.ar\/site\/wp-json\/wp\/v2\/types\/post"}],"author":[{"embeddable":true,"href":"https:\/\/www.rosarioalerta.com.ar\/site\/wp-json\/wp\/v2\/users\/2"}],"replies":[{"embeddable":true,"href":"https:\/\/www.rosarioalerta.com.ar\/site\/wp-json\/wp\/v2\/comments?post=27503"}],"version-history":[{"count":1,"href":"https:\/\/www.rosarioalerta.com.ar\/site\/wp-json\/wp\/v2\/posts\/27503\/revisions"}],"predecessor-version":[{"id":27505,"href":"https:\/\/www.rosarioalerta.com.ar\/site\/wp-json\/wp\/v2\/posts\/27503\/revisions\/27505"}],"wp:featuredmedia":[{"embeddable":true,"href":"https:\/\/www.rosarioalerta.com.ar\/site\/wp-json\/wp\/v2\/media\/27504"}],"wp:attachment":[{"href":"https:\/\/www.rosarioalerta.com.ar\/site\/wp-json\/wp\/v2\/media?parent=27503"}],"wp:term":[{"taxonomy":"category","embeddable":true,"href":"https:\/\/www.rosarioalerta.com.ar\/site\/wp-json\/wp\/v2\/categories?post=27503"},{"taxonomy":"post_tag","embeddable":true,"href":"https:\/\/www.rosarioalerta.com.ar\/site\/wp-json\/wp\/v2\/tags?post=27503"}],"curies":[{"name":"wp","href":"https:\/\/api.w.org\/{rel}","templated":true}]}}