{"id":27489,"date":"2025-09-02T07:35:54","date_gmt":"2025-09-02T10:35:54","guid":{"rendered":"https:\/\/www.rosarioalerta.com.ar\/site\/?p=27489"},"modified":"2025-09-02T07:35:54","modified_gmt":"2025-09-02T10:35:54","slug":"fuga-en-la-noche","status":"publish","type":"post","link":"https:\/\/www.rosarioalerta.com.ar\/site\/archivos\/27489","title":{"rendered":"Fuga en la noche"},"content":{"rendered":"\n<p>Dos presos siguen evadidos tras un escape en la Comisar\u00eda 21\u00ba<\/p>\n\n\n\n<p>Cuatro detenidos lograron fugarse del penal de la<strong> Comisar\u00eda 21<\/strong>\u00ba bajo el pretexto de pedir agua caliente. Dos fueron recapturados tras un operativo conjunto; los otros a\u00fan est\u00e1n pr\u00f3fugos. Un hecho de extrema gravedad sacudi\u00f3 la medianoche del domingo en la <strong>Comisar\u00eda 21<\/strong>\u00ba de Rosario, ubicada en inmediaciones de <strong>Arij\u00f3n al 2300<\/strong>. Cerca de las 23, cuatro detenidos lograron evadirse de la zona de calabozos, aprovechando un descuido moment\u00e1neo del personal policial.<\/p>\n\n\n\n<p>Seg\u00fan informaron fuentes oficiales, los internos solicitaron agua caliente. En ese momento, al abrirse la puerta del m\u00f3dulo, uno de los detenidos \u2014identificado como <strong>Claudio Gabriel G<\/strong>\u2014 se abalanz\u00f3 sobre el agente a cargo y lo redujo, dando lugar a un violento forcejeo. Otros tres reclusos se sumaron a la maniobra, logrando escapar hacia el patio interno y trepando posteriormente a los techos de la dependencia.<\/p>\n\n\n\n<p>El personal policial actu\u00f3 de inmediato, efectuando disparos disuasorios con escopetas para contener la situaci\u00f3n. <strong>Claudio G<\/strong>. fue reducido en el lugar, y se logr\u00f3 cerrar el penal para evitar una evasi\u00f3n mayor.<\/p>\n\n\n\n<p>Se despleg\u00f3 un operativo urgente de b\u00fasqueda, que incluy\u00f3 la participaci\u00f3n de la <strong>Polic\u00eda Federal Argentina<\/strong>. Como resultado, dos de los evadidos \u2014<strong>Leandro Mat\u00edas Acu\u00f1a y Javier Batalla<\/strong>\u2014 fueron recapturados en las inmediaciones de <strong>Santiago y Arij\u00f3n<\/strong>.<\/p>\n\n\n\n<p>No obstante, otros dos reclusos contin\u00faan pr\u00f3fugos: <strong>Francisco Torr\u00e9n<\/strong>, con antecedentes por robo agravado de veh\u00edculo, e <strong>Ignacio El\u00edas Ruiz<\/strong>, imputado por robo en grado de tentativa.<\/p>\n\n\n\n<p>La <strong>Comisar\u00eda 21\u00ba<\/strong> funciona actualmente como <strong>punto transitorio<\/strong> para detenidos que esperan su traslado al <strong>Servicio Penitenciario<\/strong>. Al momento del hecho, alojaba a 16 internos, su m\u00e1xima capacidad.<\/p>\n\n\n\n<p>Mientras avanza la investigaci\u00f3n interna, el foco est\u00e1 puesto en dar con los dos evadidos que, hasta el momento, siguen sin ser localizados.<\/p>\n<div class=\"newspaper-x-tags\"><strong>TAGS: <\/strong><span><a href=\"https:\/\/www.rosarioalerta.com.ar\/site\/archivos\/tag\/comisaria-21o\" rel=\"tag\">Comisar\u00eda 21\u00ba<\/a><\/span><a href=\"https:\/\/www.rosarioalerta.com.ar\/site\/archivos\/tag\/evasion\" rel=\"tag\">Evasi\u00f3n<\/a><\/span><a href=\"https:\/\/www.rosarioalerta.com.ar\/site\/archivos\/tag\/francisco-torren\" rel=\"tag\">Francisco Torr\u00e9n<\/a><\/span><a href=\"https:\/\/www.rosarioalerta.com.ar\/site\/archivos\/tag\/ignacio-elias-ruiz\" rel=\"tag\">Ignacio El\u00edas Ruiz<\/a><\/span><a href=\"https:\/\/www.rosarioalerta.com.ar\/site\/archivos\/tag\/noticias-de-rosario\" rel=\"tag\">Noticias de Rosario<\/a><\/span><a href=\"https:\/\/www.rosarioalerta.com.ar\/site\/archivos\/tag\/rosario\" rel=\"tag\">Rosario<\/a><\/span><a href=\"https:\/\/www.rosarioalerta.com.ar\/site\/archivos\/tag\/santa-fe\" rel=\"tag\">Santa Fe<\/a> <\/div>","protected":false},"excerpt":{"rendered":"<p>Dos presos siguen evadidos tras un escape en la Comisar\u00eda 21\u00ba Cuatro detenidos lograron fugarse del penal de la Comisar\u00eda 21\u00ba bajo el pretexto de pedir agua caliente. Dos fueron recapturados tras un operativo conjunto; los otros a\u00fan est\u00e1n pr\u00f3fugos. Un hecho de extrema gravedad sacudi\u00f3 la medianoche del domingo en la Comisar\u00eda 21\u00ba de [&hellip;]<\/p>\n","protected":false},"author":2,"featured_media":27490,"comment_status":"open","ping_status":"open","sticky":false,"template":"","format":"standard","meta":{"_joinchat":[],"footnotes":""},"categories":[11,21,14],"tags":[1078,1743,1745,1744,95,55,65],"class_list":["post-27489","post","type-post","status-publish","format-standard","has-post-thumbnail","hentry","category-detenidos","category-noticias","category-policiales","tag-comisaria-21o","tag-evasion","tag-francisco-torren","tag-ignacio-elias-ruiz","tag-noticias-de-rosario","tag-rosario","tag-santa-fe"],"_links":{"self":[{"href":"https:\/\/www.rosarioalerta.com.ar\/site\/wp-json\/wp\/v2\/posts\/27489","targetHints":{"allow":["GET"]}}],"collection":[{"href":"https:\/\/www.rosarioalerta.com.ar\/site\/wp-json\/wp\/v2\/posts"}],"about":[{"href":"https:\/\/www.rosarioalerta.com.ar\/site\/wp-json\/wp\/v2\/types\/post"}],"author":[{"embeddable":true,"href":"https:\/\/www.rosarioalerta.com.ar\/site\/wp-json\/wp\/v2\/users\/2"}],"replies":[{"embeddable":true,"href":"https:\/\/www.rosarioalerta.com.ar\/site\/wp-json\/wp\/v2\/comments?post=27489"}],"version-history":[{"count":1,"href":"https:\/\/www.rosarioalerta.com.ar\/site\/wp-json\/wp\/v2\/posts\/27489\/revisions"}],"predecessor-version":[{"id":27491,"href":"https:\/\/www.rosarioalerta.com.ar\/site\/wp-json\/wp\/v2\/posts\/27489\/revisions\/27491"}],"wp:featuredmedia":[{"embeddable":true,"href":"https:\/\/www.rosarioalerta.com.ar\/site\/wp-json\/wp\/v2\/media\/27490"}],"wp:attachment":[{"href":"https:\/\/www.rosarioalerta.com.ar\/site\/wp-json\/wp\/v2\/media?parent=27489"}],"wp:term":[{"taxonomy":"category","embeddable":true,"href":"https:\/\/www.rosarioalerta.com.ar\/site\/wp-json\/wp\/v2\/categories?post=27489"},{"taxonomy":"post_tag","embeddable":true,"href":"https:\/\/www.rosarioalerta.com.ar\/site\/wp-json\/wp\/v2\/tags?post=27489"}],"curies":[{"name":"wp","href":"https:\/\/api.w.org\/{rel}","templated":true}]}}