{"id":27428,"date":"2025-08-29T07:32:30","date_gmt":"2025-08-29T10:32:30","guid":{"rendered":"https:\/\/www.rosarioalerta.com.ar\/site\/?p=27428"},"modified":"2025-08-29T07:32:32","modified_gmt":"2025-08-29T10:32:32","slug":"un-conductor-ebrio-protagonizo-violento-choque-en-zona-sur","status":"publish","type":"post","link":"https:\/\/www.rosarioalerta.com.ar\/site\/archivos\/27428","title":{"rendered":"Un conductor ebrio protagoniz\u00f3 violento choque en zona sur"},"content":{"rendered":"\n<p>Un motociclista y su acompa\u00f1ante fueron embestidos por una camioneta en la madrugada<\/p>\n\n\n\n<p>En las primeras horas del viernes, la ciudad sum\u00f3 un nuevo episodio vial con consecuencias graves. El hecho ocurri\u00f3 cerca de las 5 de la ma\u00f1ana, en la intersecci\u00f3n de avenida <strong>San Mart\u00edn y Garibaldi<\/strong>, en la zona sur de Rosario, cuando el conductor de una Volkswagen Amarok colision\u00f3 violentamente contra una Honda Tornado 250cc en la que viajaban dos personas.<\/p>\n\n\n\n<p>Ambos ocupantes del rodado menor, salieron despedidos tras el impacto y cayeron sobre el asfalto. Vecinos de la zona llamaron a la <strong>Central de Emergencias del 911<\/strong>, tras escuchar el estruendo. Minutos despu\u00e9s, arribaron al lugar varios patrulleros y dos ambulancias del <strong>SIES<\/strong>, que atendieron de inmediato a las v\u00edctimas. Uno de los j\u00f3venes fue trasladado de urgencia con heridas de consideraci\u00f3n, mientras que el otro fue asistido en el lugar.<\/p>\n\n\n\n<p>La camioneta era conducida por <strong>Ezequiel Pedro C,<\/strong> a quien le realizaron el test de alcoholemia que arroj\u00f3 un resultado alarmante: <strong>1.57 g\/l de alcohol en sangre<\/strong>, muy por encima del l\u00edmite legal permitido, que es de 0, dado que en Rosario y toda la provincia, rige la ley de <strong>Alcohol Cero al volante<\/strong>. En base a esa informaci\u00f3n, la fiscal <strong>Mariana Prunotto<\/strong> orden\u00f3 su detenci\u00f3n inmediata.<\/p>\n\n\n\n<p>Hasta el momento, se trabaja para esclarecer las causas del siniestro, aunque las evidencias preliminares indican que la imprudencia y el consumo de alcohol fueron factores determinantes. La causa fue caratulada como &#8220;lesiones culposas agravadas&#8221;, aunque no se descarta una calificaci\u00f3n m\u00e1s grave si el estado de salud de las v\u00edctimas empeora.<\/p>\n<div class=\"newspaper-x-tags\"><strong>TAGS: <\/strong><span><a href=\"https:\/\/www.rosarioalerta.com.ar\/site\/archivos\/tag\/noticias-de-rosario\" rel=\"tag\">Noticias de Rosario<\/a><\/span><a href=\"https:\/\/www.rosarioalerta.com.ar\/site\/archivos\/tag\/rosario\" rel=\"tag\">Rosario<\/a><\/span><a href=\"https:\/\/www.rosarioalerta.com.ar\/site\/archivos\/tag\/santa-fe\" rel=\"tag\">Santa Fe<\/a> <\/div>","protected":false},"excerpt":{"rendered":"<p>Un motociclista y su acompa\u00f1ante fueron embestidos por una camioneta en la madrugada En las primeras horas del viernes, la ciudad sum\u00f3 un nuevo episodio vial con consecuencias graves. El hecho ocurri\u00f3 cerca de las 5 de la ma\u00f1ana, en la intersecci\u00f3n de avenida San Mart\u00edn y Garibaldi, en la zona sur de Rosario, cuando [&hellip;]<\/p>\n","protected":false},"author":2,"featured_media":27429,"comment_status":"open","ping_status":"open","sticky":false,"template":"","format":"standard","meta":{"_joinchat":[],"footnotes":""},"categories":[11,21,14,10],"tags":[95,55,65],"class_list":["post-27428","post","type-post","status-publish","format-standard","has-post-thumbnail","hentry","category-detenidos","category-noticias","category-policiales","category-siniestros-viales","tag-noticias-de-rosario","tag-rosario","tag-santa-fe"],"_links":{"self":[{"href":"https:\/\/www.rosarioalerta.com.ar\/site\/wp-json\/wp\/v2\/posts\/27428","targetHints":{"allow":["GET"]}}],"collection":[{"href":"https:\/\/www.rosarioalerta.com.ar\/site\/wp-json\/wp\/v2\/posts"}],"about":[{"href":"https:\/\/www.rosarioalerta.com.ar\/site\/wp-json\/wp\/v2\/types\/post"}],"author":[{"embeddable":true,"href":"https:\/\/www.rosarioalerta.com.ar\/site\/wp-json\/wp\/v2\/users\/2"}],"replies":[{"embeddable":true,"href":"https:\/\/www.rosarioalerta.com.ar\/site\/wp-json\/wp\/v2\/comments?post=27428"}],"version-history":[{"count":1,"href":"https:\/\/www.rosarioalerta.com.ar\/site\/wp-json\/wp\/v2\/posts\/27428\/revisions"}],"predecessor-version":[{"id":27430,"href":"https:\/\/www.rosarioalerta.com.ar\/site\/wp-json\/wp\/v2\/posts\/27428\/revisions\/27430"}],"wp:featuredmedia":[{"embeddable":true,"href":"https:\/\/www.rosarioalerta.com.ar\/site\/wp-json\/wp\/v2\/media\/27429"}],"wp:attachment":[{"href":"https:\/\/www.rosarioalerta.com.ar\/site\/wp-json\/wp\/v2\/media?parent=27428"}],"wp:term":[{"taxonomy":"category","embeddable":true,"href":"https:\/\/www.rosarioalerta.com.ar\/site\/wp-json\/wp\/v2\/categories?post=27428"},{"taxonomy":"post_tag","embeddable":true,"href":"https:\/\/www.rosarioalerta.com.ar\/site\/wp-json\/wp\/v2\/tags?post=27428"}],"curies":[{"name":"wp","href":"https:\/\/api.w.org\/{rel}","templated":true}]}}