{"id":27275,"date":"2025-08-22T08:09:00","date_gmt":"2025-08-22T11:09:00","guid":{"rendered":"https:\/\/www.rosarioalerta.com.ar\/site\/?p=27275"},"modified":"2025-08-22T08:12:31","modified_gmt":"2025-08-22T11:12:31","slug":"de-la-celda-al-reconocimiento","status":"publish","type":"post","link":"https:\/\/www.rosarioalerta.com.ar\/site\/archivos\/27275","title":{"rendered":"De la celda al reconocimiento"},"content":{"rendered":"\n<p>El gobierno provincial respald\u00f3 al polic\u00eda liberado tras 5 a\u00f1os<\/p>\n\n\n\n<p><strong>Luciano Nocelli<\/strong>, suboficial del <strong>Comando Radioel\u00e9ctrico<\/strong>, fue recibido por la vicegobernadora <strong>Gisela Scaglia<\/strong> y el <strong>ministro de Justicia y Seguridad<\/strong>. El caso reaviva el debate sobre el respaldo institucional a las fuerzas en situaciones l\u00edmite. El jueves por la tarde, la vicegobernadora de Santa Fe, Gisela Scaglia, recibi\u00f3 en su despacho de Rosario a <strong>Luciano Nocelli,<\/strong> el suboficial del Comando Radioel\u00e9ctrico que fue liberado recientemente tras pasar cinco a\u00f1os en prisi\u00f3n por un hecho ocurrido durante un operativo policial en 2019. El encuentro fue acompa\u00f1ado por el ministro de Justicia y Seguridad, Pablo Cococcioni, en una muestra clara de respaldo institucional.<\/p>\n\n\n\n<p><strong>Nocelli<\/strong> fue procesado tras abatir a dos delincuentes en un enfrentamiento armado en la esquina de <strong>27 de Febrero y Buenos Aires<\/strong>. Seg\u00fan se destac\u00f3 desde el entorno gubernamental, el accionar del suboficial se dio en un contexto de riesgo de vida, tanto para \u00e9l como para su compa\u00f1ero de patrulla y un civil. Sin embargo, el resultado de ese hecho deriv\u00f3 en una larga detenci\u00f3n, durante la cual no pudo ver crecer a su hijo ni compartir celebraciones familiares b\u00e1sicas, como cumplea\u00f1os o fiestas.<\/p>\n\n\n\n<p><strong>Scaglia<\/strong> fue enf\u00e1tica: \u201cEste gobierno no quiere que un polic\u00eda, por cumplir con su deber, vuelva a vivir lo que vivi\u00f3 Luciano\u201d. En ese sentido, remarc\u00f3 la importancia del nuevo sistema de Juicio por Jurado, que permite a ciudadanos decidir en estos casos extremos, en lugar de dejar la resoluci\u00f3n en manos de un \u00fanico juez o fiscal. <strong>Cococcioni<\/strong> coincidi\u00f3: \u201cYa no ser\u00e1 alguien detr\u00e1s de un escritorio quien decida si un polic\u00eda actu\u00f3 bien o mal. Lo har\u00e1 el vecino\u201d.<\/p>\n\n\n\n<p>El respaldo institucional no s\u00f3lo se expres\u00f3 en palabras. <strong>Scaglia<\/strong> public\u00f3 en sus redes un mensaje directo: \u201cFeliz cumplea\u00f1os, Luciano, y gracias por arriesgar tu vida para defendernos\u201d. Fue la primera vez, en cinco a\u00f1os, que <strong>Nocelli<\/strong> pudo celebrar su cumplea\u00f1os en libertad.<\/p>\n\n\n\n<p>El caso de <strong>Nocelli<\/strong> no s\u00f3lo interpela al sistema judicial, sino tambi\u00e9n al v\u00ednculo entre la sociedad, el Estado y sus fuerzas de seguridad. La discusi\u00f3n ya no pasa \u00fanicamente por la letra fr\u00eda de la ley, sino por c\u00f3mo se interpreta el deber en contextos l\u00edmite. Desde la Provincia, el mensaje es claro: quienes act\u00faan con compromiso y dentro de la ley, no estar\u00e1n solos.<\/p>\n<div class=\"newspaper-x-tags\"><strong>TAGS: <\/strong><span><a href=\"https:\/\/www.rosarioalerta.com.ar\/site\/archivos\/tag\/gisella-scaglia\" rel=\"tag\">Gisella Scaglia<\/a><\/span><a href=\"https:\/\/www.rosarioalerta.com.ar\/site\/archivos\/tag\/luciano-nocelli\" rel=\"tag\">Luciano Nocelli<\/a><\/span><a href=\"https:\/\/www.rosarioalerta.com.ar\/site\/archivos\/tag\/noticias-de-rosario\" rel=\"tag\">Noticias de Rosario<\/a><\/span><a href=\"https:\/\/www.rosarioalerta.com.ar\/site\/archivos\/tag\/pablo-cococcioni\" rel=\"tag\">Pablo Cococcioni<\/a><\/span><a href=\"https:\/\/www.rosarioalerta.com.ar\/site\/archivos\/tag\/rosario\" rel=\"tag\">Rosario<\/a><\/span><a href=\"https:\/\/www.rosarioalerta.com.ar\/site\/archivos\/tag\/santa-fe\" rel=\"tag\">Santa Fe<\/a> <\/div>","protected":false},"excerpt":{"rendered":"<p>El gobierno provincial respald\u00f3 al polic\u00eda liberado tras 5 a\u00f1os Luciano Nocelli, suboficial del Comando Radioel\u00e9ctrico, fue recibido por la vicegobernadora Gisela Scaglia y el ministro de Justicia y Seguridad. El caso reaviva el debate sobre el respaldo institucional a las fuerzas en situaciones l\u00edmite. El jueves por la tarde, la vicegobernadora de Santa Fe, [&hellip;]<\/p>\n","protected":false},"author":2,"featured_media":27276,"comment_status":"open","ping_status":"open","sticky":false,"template":"","format":"standard","meta":{"_joinchat":[],"footnotes":""},"categories":[18,21],"tags":[1722,1068,95,611,55,65],"class_list":["post-27275","post","type-post","status-publish","format-standard","has-post-thumbnail","hentry","category-institucional","category-noticias","tag-gisella-scaglia","tag-luciano-nocelli","tag-noticias-de-rosario","tag-pablo-cococcioni","tag-rosario","tag-santa-fe"],"_links":{"self":[{"href":"https:\/\/www.rosarioalerta.com.ar\/site\/wp-json\/wp\/v2\/posts\/27275","targetHints":{"allow":["GET"]}}],"collection":[{"href":"https:\/\/www.rosarioalerta.com.ar\/site\/wp-json\/wp\/v2\/posts"}],"about":[{"href":"https:\/\/www.rosarioalerta.com.ar\/site\/wp-json\/wp\/v2\/types\/post"}],"author":[{"embeddable":true,"href":"https:\/\/www.rosarioalerta.com.ar\/site\/wp-json\/wp\/v2\/users\/2"}],"replies":[{"embeddable":true,"href":"https:\/\/www.rosarioalerta.com.ar\/site\/wp-json\/wp\/v2\/comments?post=27275"}],"version-history":[{"count":1,"href":"https:\/\/www.rosarioalerta.com.ar\/site\/wp-json\/wp\/v2\/posts\/27275\/revisions"}],"predecessor-version":[{"id":27277,"href":"https:\/\/www.rosarioalerta.com.ar\/site\/wp-json\/wp\/v2\/posts\/27275\/revisions\/27277"}],"wp:featuredmedia":[{"embeddable":true,"href":"https:\/\/www.rosarioalerta.com.ar\/site\/wp-json\/wp\/v2\/media\/27276"}],"wp:attachment":[{"href":"https:\/\/www.rosarioalerta.com.ar\/site\/wp-json\/wp\/v2\/media?parent=27275"}],"wp:term":[{"taxonomy":"category","embeddable":true,"href":"https:\/\/www.rosarioalerta.com.ar\/site\/wp-json\/wp\/v2\/categories?post=27275"},{"taxonomy":"post_tag","embeddable":true,"href":"https:\/\/www.rosarioalerta.com.ar\/site\/wp-json\/wp\/v2\/tags?post=27275"}],"curies":[{"name":"wp","href":"https:\/\/api.w.org\/{rel}","templated":true}]}}