{"id":27258,"date":"2025-08-21T15:50:25","date_gmt":"2025-08-21T18:50:25","guid":{"rendered":"https:\/\/www.rosarioalerta.com.ar\/site\/?p=27258"},"modified":"2025-08-21T15:50:31","modified_gmt":"2025-08-21T18:50:31","slug":"no-se-la-van-a-llevar-de-arriba","status":"publish","type":"post","link":"https:\/\/www.rosarioalerta.com.ar\/site\/archivos\/27258","title":{"rendered":"\u00a0\u201cNo se la van a llevar de arriba\u201d"},"content":{"rendered":"\n<p>La Justicia cierra el cerco sobre los responsables del ataque al colectivo penitenciario<\/p>\n\n\n\n<p>El ministro <strong>Pablo Cococcioni<\/strong> y el fiscal <strong>R\u00e9bola<\/strong> detallaron <strong>la imputaci\u00f3n de 13 personas<\/strong> por la <strong>balacera ocurrida en marzo<\/strong> en Rosario. El ataque, seg\u00fan las autoridades, fue una represalia por el endurecimiento del r\u00e9gimen carcelario. El <strong>2 de marzo de 2024<\/strong>, un colectivo que transportaba personal del <strong>Servicio Penitenciario<\/strong> fue atacado a balazos en plena v\u00eda p\u00fablica. El hecho, que pudo haber terminado en tragedia, marc\u00f3 un punto de inflexi\u00f3n en la pol\u00edtica de seguridad de la provincia de Santa Fe. Hoy, <strong>m\u00e1s de un a\u00f1o despu\u00e9s<\/strong>, la Justicia da un paso firme: <strong>13 personas ser\u00e1n imputadas<\/strong> <strong>por ese atentado<\/strong>, en una audiencia que busca desenmara\u00f1ar la trama de violencia que se organiza desde las c\u00e1rceles.<\/p>\n\n\n\n<p>Durante una conferencia de prensa en el Centro de Justicia Penal, el ministro de Justicia y Seguridad de la provincia, <strong>Pablo Cococcioni<\/strong>, fue categ\u00f3rico: <em>\u201cConfiamos en que la Justicia acompa\u00f1e las medidas que se pidan para que quede claro que estas personas no se la van a llevar de arriba\u201d<\/em>. Para <strong>Cococcioni<\/strong>, el ataque fue una de las primeras represalias de las bandas criminales al endurecimiento del r\u00e9gimen penitenciario impulsado por el gobierno desde diciembre de 2023.<\/p>\n\n\n\n<p>Las autoridades sostienen que el <strong>atentado fue organizado<\/strong> desde el penal de <strong>Pi\u00f1ero<\/strong> por <strong>Walter Gonz\u00e1lez<\/strong>, un <strong>preso de alto perfil<\/strong> con conexiones en distintas localidades del <strong>cord\u00f3n industrial<\/strong>. El fiscal del Equipo Fiscal Transitorio de Violencias Altamente Lesivas, R\u00e9bola, detall\u00f3 que <strong>Gonz\u00e1lez<\/strong> fue quien dio la orden, y que los autores materiales del ataque ya est\u00e1n identificados.<\/p>\n\n\n\n<p><em>\u201cDispararon desde un auto, con dos armas diferentes. Una bala pas\u00f3 rozando la nuca de un agente penitenciario. <strong>El objetivo era claro: matar<\/strong>\u201d,<\/em> afirm\u00f3 el fiscal, quien tambi\u00e9n atribuy\u00f3 a los imputados la jefatura de una organizaci\u00f3n delictiva dedicada al narcotr\u00e1fico y a m\u00faltiples homicidios. La investigaci\u00f3n tambi\u00e9n los vincula con un intento de ataque al bar Rond\u00f3, en enero, frustrado por el mal funcionamiento de las armas.<\/p>\n\n\n\n<p>Adem\u00e1s del atentado al colectivo, las pruebas re\u00fanen otros hechos de violencia cometidos por esta banda, entre ellos amenazas coactivas e intimidaciones p\u00fablicas, muchas de ellas acompa\u00f1adas de notas alusivas al endurecimiento carcelario. Todo esto forma parte, seg\u00fan los investigadores, de una estrategia de amedrentamiento orquestada por l\u00edderes criminales que, pese a estar tras las rejas, a\u00fan conservan capacidad de acci\u00f3n.<\/p>\n\n\n\n<p><strong>Cococcioni<\/strong> remarc\u00f3 que esta respuesta del Estado no es \u201cuna medida m\u00e1s\u201d, sino parte del eje central de su pol\u00edtica de seguridad. <em>\u201cDurante a\u00f1os, hasta un tercio de los homicidios en Rosario fueron ordenados desde el interior de una c\u00e1rcel. No podemos permitir que siga ocurriendo\u201d,<\/em> se\u00f1al\u00f3. Y destac\u00f3 que desde los primeros d\u00edas de gesti\u00f3n se reforzaron las requisas, se restituy\u00f3 el r\u00e9gimen de alto perfil y se aplicaron protocolos m\u00e1s estrictos para los presos considerados jefes narcos.<\/p>\n\n\n\n<p>La audiencia imputativa ser\u00e1 clave para sostener estas acusaciones y avanzar hacia el desmantelamiento de estructuras criminales que se fortalecieron durante a\u00f1os a la sombra del sistema penitenciario. El fiscal regional <strong>Mat\u00edas Merlo<\/strong> tambi\u00e9n acompa\u00f1\u00f3 la presentaci\u00f3n y valor\u00f3 <em>\u201cla seriedad y profundidad de la investigaci\u00f3n\u201d,<\/em> llevada adelante por el <strong>Ministerio P\u00fablico de la Acusaci\u00f3n<\/strong> junto a la <strong>Polic\u00eda de Investigaciones<\/strong>.<\/p>\n\n\n\n<p>El ataque al colectivo penitenciario no fue un hecho aislado. Fue un mensaje. Uno que ahora la Justicia y el Gobierno Provincial intentan responder con claridad y firmeza. La <strong>imputaci\u00f3n a 13 personas<\/strong> marca un antes y un despu\u00e9s en la lucha contra las organizaciones criminales que operan desde las c\u00e1rceles. Con pruebas contundentes y una pol\u00edtica decidida, las autoridades buscan quebrar la impunidad y recuperar el control. En palabras de <strong>Cococcioni<\/strong>, <em>\u201cno se la van a llevar de arriba\u201d.<\/em><\/p>\n<div class=\"newspaper-x-tags\"><strong>TAGS: <\/strong><span><a href=\"https:\/\/www.rosarioalerta.com.ar\/site\/archivos\/tag\/noticias-de-rosario\" rel=\"tag\">Noticias de Rosario<\/a><\/span><a href=\"https:\/\/www.rosarioalerta.com.ar\/site\/archivos\/tag\/pablo-cococcioni\" rel=\"tag\">Pablo Cococcioni<\/a><\/span><a href=\"https:\/\/www.rosarioalerta.com.ar\/site\/archivos\/tag\/rosario\" rel=\"tag\">Rosario<\/a><\/span><a href=\"https:\/\/www.rosarioalerta.com.ar\/site\/archivos\/tag\/santa-fe\" rel=\"tag\">Santa Fe<\/a><\/span><a href=\"https:\/\/www.rosarioalerta.com.ar\/site\/archivos\/tag\/servicio-penitenciario\" rel=\"tag\">Servicio Penitenciario<\/a> <\/div>","protected":false},"excerpt":{"rendered":"<p>La Justicia cierra el cerco sobre los responsables del ataque al colectivo penitenciario El ministro Pablo Cococcioni y el fiscal R\u00e9bola detallaron la imputaci\u00f3n de 13 personas por la balacera ocurrida en marzo en Rosario. El ataque, seg\u00fan las autoridades, fue una represalia por el endurecimiento del r\u00e9gimen carcelario. El 2 de marzo de 2024, [&hellip;]<\/p>\n","protected":false},"author":2,"featured_media":27259,"comment_status":"open","ping_status":"open","sticky":false,"template":"","format":"standard","meta":{"_joinchat":[],"footnotes":""},"categories":[13,21,14],"tags":[95,611,55,65,213],"class_list":["post-27258","post","type-post","status-publish","format-standard","has-post-thumbnail","hentry","category-judiciales","category-noticias","category-policiales","tag-noticias-de-rosario","tag-pablo-cococcioni","tag-rosario","tag-santa-fe","tag-servicio-penitenciario"],"_links":{"self":[{"href":"https:\/\/www.rosarioalerta.com.ar\/site\/wp-json\/wp\/v2\/posts\/27258","targetHints":{"allow":["GET"]}}],"collection":[{"href":"https:\/\/www.rosarioalerta.com.ar\/site\/wp-json\/wp\/v2\/posts"}],"about":[{"href":"https:\/\/www.rosarioalerta.com.ar\/site\/wp-json\/wp\/v2\/types\/post"}],"author":[{"embeddable":true,"href":"https:\/\/www.rosarioalerta.com.ar\/site\/wp-json\/wp\/v2\/users\/2"}],"replies":[{"embeddable":true,"href":"https:\/\/www.rosarioalerta.com.ar\/site\/wp-json\/wp\/v2\/comments?post=27258"}],"version-history":[{"count":1,"href":"https:\/\/www.rosarioalerta.com.ar\/site\/wp-json\/wp\/v2\/posts\/27258\/revisions"}],"predecessor-version":[{"id":27260,"href":"https:\/\/www.rosarioalerta.com.ar\/site\/wp-json\/wp\/v2\/posts\/27258\/revisions\/27260"}],"wp:featuredmedia":[{"embeddable":true,"href":"https:\/\/www.rosarioalerta.com.ar\/site\/wp-json\/wp\/v2\/media\/27259"}],"wp:attachment":[{"href":"https:\/\/www.rosarioalerta.com.ar\/site\/wp-json\/wp\/v2\/media?parent=27258"}],"wp:term":[{"taxonomy":"category","embeddable":true,"href":"https:\/\/www.rosarioalerta.com.ar\/site\/wp-json\/wp\/v2\/categories?post=27258"},{"taxonomy":"post_tag","embeddable":true,"href":"https:\/\/www.rosarioalerta.com.ar\/site\/wp-json\/wp\/v2\/tags?post=27258"}],"curies":[{"name":"wp","href":"https:\/\/api.w.org\/{rel}","templated":true}]}}