{"id":27233,"date":"2025-08-21T07:20:07","date_gmt":"2025-08-21T10:20:07","guid":{"rendered":"https:\/\/www.rosarioalerta.com.ar\/site\/?p=27233"},"modified":"2025-08-21T07:20:08","modified_gmt":"2025-08-21T10:20:08","slug":"el-polvo-de-la-muerte","status":"publish","type":"post","link":"https:\/\/www.rosarioalerta.com.ar\/site\/archivos\/27233","title":{"rendered":"\u00a0\u201cEl polvo de la muerte\u201d"},"content":{"rendered":"\n<p>Cay\u00f3 el primer detenido por el caso del fentanilo adulterado<\/p>\n\n\n\n<p><strong>V\u00edctor Boccaccio<\/strong>, farmac\u00e9utico y directivo de <strong>LAB Ramallo<\/strong>, fue arrestado en <strong>Rosario<\/strong> por su presunta participaci\u00f3n en la distribuci\u00f3n de un lote contaminado con fentanilo. Hay otras nueve \u00f3rdenes de detenci\u00f3n pendientes.<\/p>\n\n\n\n<p>La impunidad empez\u00f3 a quebrarse. En un operativo conjunto de la <strong>Polic\u00eda de Seguridad Aeroportuaria<\/strong> (PSA) y la <strong>Gendarmer\u00eda Nacional<\/strong>, ordenado por la Justicia federal, fue detenido en Rosario <strong>V\u00edctor Boccaccio<\/strong>, farmac\u00e9utico y uno de los directores t\u00e9cnicos del laboratorio Ramallo. Est\u00e1 acusado de ser parte del grupo responsable de la distribuci\u00f3n de un lote de <strong>fentanilo adulterado<\/strong> que caus\u00f3 m\u00faltiples muertes y un desastre sanitario sin precedentes.<\/p>\n\n\n\n<p>El arresto se concret\u00f3 en la v\u00eda p\u00fablica, en el <strong>barrio Alberdi<\/strong>, y responde a una de las <strong>diez \u00f3rdenes de detenci\u00f3n<\/strong> emitidas por el <strong>juez<\/strong> <strong>federal Alejo<\/strong> <strong>Ramos Padilla<\/strong>, en el marco de una investigaci\u00f3n que comenz\u00f3 tras la internaci\u00f3n masiva de pacientes con s\u00edntomas de sobredosis por medicamentos contaminados.<\/p>\n\n\n\n<p>Seg\u00fan fuentes judiciales, <strong>Boccaccio<\/strong> habr\u00eda tenido conocimiento de la composici\u00f3n letal del lote distribuido. Lo que era un calmante en el marco de tratamientos m\u00e9dicos, se transform\u00f3 en veneno. La cadena de responsabilidad apunta a m\u00faltiples actores: desde la producci\u00f3n, pasando por el control de calidad, hasta su distribuci\u00f3n final en farmacias y cl\u00ednicas.<\/p>\n\n\n\n<p>Las pruebas, entre las que se incluyen registros internos del laboratorio, correos electr\u00f3nicos y testimonios de ex empleados, ya est\u00e1n en poder del juzgado. Se espera que en las pr\u00f3ximas horas se concreten m\u00e1s detenciones, incluida la del supuesto cabecilla de la organizaci\u00f3n.<\/p>\n\n\n\n<p>El caso sacude no solo al sistema sanitario, sino tambi\u00e9n al modelo de fiscalizaci\u00f3n de medicamentos en el pa\u00eds. La detenci\u00f3n de <strong>Boccaccio<\/strong> no solo abre la puerta a la verdad, sino tambi\u00e9n al pedido de justicia de las familias afectadas. Las vidas perdidas no volver\u00e1n, pero la Justicia comienza a dar se\u00f1ales de respuesta.<\/p>\n<div class=\"newspaper-x-tags\"><strong>TAGS: <\/strong><span><a href=\"https:\/\/www.rosarioalerta.com.ar\/site\/archivos\/tag\/fentanilo\" rel=\"tag\">Fentanilo<\/a><\/span><a href=\"https:\/\/www.rosarioalerta.com.ar\/site\/archivos\/tag\/noticias-de-rosario\" rel=\"tag\">Noticias de Rosario<\/a><\/span><a href=\"https:\/\/www.rosarioalerta.com.ar\/site\/archivos\/tag\/psa\" rel=\"tag\">PSA<\/a><\/span><a href=\"https:\/\/www.rosarioalerta.com.ar\/site\/archivos\/tag\/rosario\" rel=\"tag\">Rosario<\/a><\/span><a href=\"https:\/\/www.rosarioalerta.com.ar\/site\/archivos\/tag\/santa-fe\" rel=\"tag\">Santa Fe<\/a> <\/div>","protected":false},"excerpt":{"rendered":"<p>Cay\u00f3 el primer detenido por el caso del fentanilo adulterado V\u00edctor Boccaccio, farmac\u00e9utico y directivo de LAB Ramallo, fue arrestado en Rosario por su presunta participaci\u00f3n en la distribuci\u00f3n de un lote contaminado con fentanilo. Hay otras nueve \u00f3rdenes de detenci\u00f3n pendientes. La impunidad empez\u00f3 a quebrarse. En un operativo conjunto de la Polic\u00eda de [&hellip;]<\/p>\n","protected":false},"author":2,"featured_media":27234,"comment_status":"open","ping_status":"open","sticky":false,"template":"","format":"standard","meta":{"_joinchat":[],"footnotes":""},"categories":[12,11,21,14],"tags":[1609,95,561,55,65],"class_list":["post-27233","post","type-post","status-publish","format-standard","has-post-thumbnail","hentry","category-allanamientos","category-detenidos","category-noticias","category-policiales","tag-fentanilo","tag-noticias-de-rosario","tag-psa","tag-rosario","tag-santa-fe"],"_links":{"self":[{"href":"https:\/\/www.rosarioalerta.com.ar\/site\/wp-json\/wp\/v2\/posts\/27233","targetHints":{"allow":["GET"]}}],"collection":[{"href":"https:\/\/www.rosarioalerta.com.ar\/site\/wp-json\/wp\/v2\/posts"}],"about":[{"href":"https:\/\/www.rosarioalerta.com.ar\/site\/wp-json\/wp\/v2\/types\/post"}],"author":[{"embeddable":true,"href":"https:\/\/www.rosarioalerta.com.ar\/site\/wp-json\/wp\/v2\/users\/2"}],"replies":[{"embeddable":true,"href":"https:\/\/www.rosarioalerta.com.ar\/site\/wp-json\/wp\/v2\/comments?post=27233"}],"version-history":[{"count":1,"href":"https:\/\/www.rosarioalerta.com.ar\/site\/wp-json\/wp\/v2\/posts\/27233\/revisions"}],"predecessor-version":[{"id":27235,"href":"https:\/\/www.rosarioalerta.com.ar\/site\/wp-json\/wp\/v2\/posts\/27233\/revisions\/27235"}],"wp:featuredmedia":[{"embeddable":true,"href":"https:\/\/www.rosarioalerta.com.ar\/site\/wp-json\/wp\/v2\/media\/27234"}],"wp:attachment":[{"href":"https:\/\/www.rosarioalerta.com.ar\/site\/wp-json\/wp\/v2\/media?parent=27233"}],"wp:term":[{"taxonomy":"category","embeddable":true,"href":"https:\/\/www.rosarioalerta.com.ar\/site\/wp-json\/wp\/v2\/categories?post=27233"},{"taxonomy":"post_tag","embeddable":true,"href":"https:\/\/www.rosarioalerta.com.ar\/site\/wp-json\/wp\/v2\/tags?post=27233"}],"curies":[{"name":"wp","href":"https:\/\/api.w.org\/{rel}","templated":true}]}}