{"id":27166,"date":"2025-08-17T23:41:29","date_gmt":"2025-08-18T02:41:29","guid":{"rendered":"https:\/\/www.rosarioalerta.com.ar\/site\/?p=27166"},"modified":"2025-08-18T08:29:34","modified_gmt":"2025-08-18T11:29:34","slug":"misterio-en-pueblo-esther","status":"publish","type":"post","link":"https:\/\/www.rosarioalerta.com.ar\/site\/archivos\/27166","title":{"rendered":"Misterio en Pueblo Esther"},"content":{"rendered":"\n<p>Un hombre muri\u00f3 tras recibir un disparo en la cabeza<\/p>\n\n\n\n<p><strong>Mariano Mart\u00ednez de 31 a\u00f1os<\/strong>, ingres\u00f3 inconsciente al <strong>HECA<\/strong> luego de haber sido trasladado de urgencia desde el <strong>Policl\u00ednico San Mart\u00edn<\/strong>. La Justicia investiga las circunstancias del ataque. La noche del viernes termin\u00f3 con un herido que a\u00fan no encuentra respuestas. <strong>Mart\u00ednez<\/strong> <strong>de 31 a\u00f1os<\/strong>, falleci\u00f3 este domingo, pasado el mediod\u00eda en el <strong>Hospital de Emergencias Clemente \u00c1lvarez<\/strong> (HECA), tras ingresar con una herida de arma de fuego en el cr\u00e1neo.<\/p>\n\n\n\n<p>Fuentes oficiales afirmaron que la v\u00edctima lleg\u00f3 al <strong>Policl\u00ednico San Mart\u00edn<\/strong> en un autom\u00f3vil particular, minutos antes de las 23. El veh\u00edculo, que lo traslad\u00f3, huy\u00f3 sin dejar datos y de manera escueta relat\u00f3 que lo encontr\u00f3 sobre la <strong>Ruta 21<\/strong>, a la altura de <strong>Pueblo Esther<\/strong>, con un disparo en la cabeza, sin brindar mayores detalles, para luego retirarse antes que pudiera ser identificado.<\/p>\n\n\n\n<p>Personal m\u00e9dico del <strong>SIES<\/strong> traslad\u00f3 de inmediato a <strong>Mart\u00ednez<\/strong> al <strong>HECA<\/strong>, donde fue ingresado inconsciente, intubado y en estado cr\u00edtico. Los profesionales lo atendieron de urgencia, pero su cuadro neurol\u00f3gico era irreversible. Tras pasar varias horas en terapia intensiva, se confirm\u00f3 su fallecimiento al mediod\u00eda del domingo.<\/p>\n\n\n\n<p>La Sub Comisar\u00eda 15\u00b0 tom\u00f3 intervenci\u00f3n junto con el fiscal Artacho, y por estas horas la investigaci\u00f3n se centra en determinar el lugar y el contexto en el que se produjo el ataque. Hasta el momento, no hay detenidos ni testigos directos.<\/p>\n\n\n\n<p class=\"has-text-align-center\"><strong><br>Se trata del crimen 82 en el departamento Rosario desde el inicio de a\u00f1o y el quinto caso del mes de agosto<\/strong><\/p>\n<div class=\"newspaper-x-tags\"><strong>TAGS: <\/strong><span><a href=\"https:\/\/www.rosarioalerta.com.ar\/site\/archivos\/tag\/noticias-de-puc\" rel=\"tag\">Noticias de Pu\u00e7<\/a><\/span><a href=\"https:\/\/www.rosarioalerta.com.ar\/site\/archivos\/tag\/noticias-de-pueblo-esther\" rel=\"tag\">Noticias de Pueblo Esther<\/a><\/span><a href=\"https:\/\/www.rosarioalerta.com.ar\/site\/archivos\/tag\/noticias-de-rosario\" rel=\"tag\">Noticias de Rosario<\/a><\/span><a href=\"https:\/\/www.rosarioalerta.com.ar\/site\/archivos\/tag\/pueblo-esther\" rel=\"tag\">Pueblo Esther<\/a><\/span><a href=\"https:\/\/www.rosarioalerta.com.ar\/site\/archivos\/tag\/rosario\" rel=\"tag\">Rosario<\/a><\/span><a href=\"https:\/\/www.rosarioalerta.com.ar\/site\/archivos\/tag\/santa-fe\" rel=\"tag\">Santa Fe<\/a> <\/div>","protected":false},"excerpt":{"rendered":"<p>Un hombre muri\u00f3 tras recibir un disparo en la cabeza Mariano Mart\u00ednez de 31 a\u00f1os, ingres\u00f3 inconsciente al HECA luego de haber sido trasladado de urgencia desde el Policl\u00ednico San Mart\u00edn. La Justicia investiga las circunstancias del ataque. La noche del viernes termin\u00f3 con un herido que a\u00fan no encuentra respuestas. Mart\u00ednez de 31 a\u00f1os, [&hellip;]<\/p>\n","protected":false},"author":2,"featured_media":27167,"comment_status":"open","ping_status":"open","sticky":false,"template":"","format":"standard","meta":{"_joinchat":[],"footnotes":""},"categories":[15,17,6,21,14],"tags":[1718,223,95,222,55,65],"class_list":["post-27166","post","type-post","status-publish","format-standard","has-post-thumbnail","hentry","category-balaceras","category-heridos","category-homicidios","category-noticias","category-policiales","tag-noticias-de-puc","tag-noticias-de-pueblo-esther","tag-noticias-de-rosario","tag-pueblo-esther","tag-rosario","tag-santa-fe"],"_links":{"self":[{"href":"https:\/\/www.rosarioalerta.com.ar\/site\/wp-json\/wp\/v2\/posts\/27166","targetHints":{"allow":["GET"]}}],"collection":[{"href":"https:\/\/www.rosarioalerta.com.ar\/site\/wp-json\/wp\/v2\/posts"}],"about":[{"href":"https:\/\/www.rosarioalerta.com.ar\/site\/wp-json\/wp\/v2\/types\/post"}],"author":[{"embeddable":true,"href":"https:\/\/www.rosarioalerta.com.ar\/site\/wp-json\/wp\/v2\/users\/2"}],"replies":[{"embeddable":true,"href":"https:\/\/www.rosarioalerta.com.ar\/site\/wp-json\/wp\/v2\/comments?post=27166"}],"version-history":[{"count":2,"href":"https:\/\/www.rosarioalerta.com.ar\/site\/wp-json\/wp\/v2\/posts\/27166\/revisions"}],"predecessor-version":[{"id":27179,"href":"https:\/\/www.rosarioalerta.com.ar\/site\/wp-json\/wp\/v2\/posts\/27166\/revisions\/27179"}],"wp:featuredmedia":[{"embeddable":true,"href":"https:\/\/www.rosarioalerta.com.ar\/site\/wp-json\/wp\/v2\/media\/27167"}],"wp:attachment":[{"href":"https:\/\/www.rosarioalerta.com.ar\/site\/wp-json\/wp\/v2\/media?parent=27166"}],"wp:term":[{"taxonomy":"category","embeddable":true,"href":"https:\/\/www.rosarioalerta.com.ar\/site\/wp-json\/wp\/v2\/categories?post=27166"},{"taxonomy":"post_tag","embeddable":true,"href":"https:\/\/www.rosarioalerta.com.ar\/site\/wp-json\/wp\/v2\/tags?post=27166"}],"curies":[{"name":"wp","href":"https:\/\/api.w.org\/{rel}","templated":true}]}}