{"id":27098,"date":"2025-08-13T16:59:21","date_gmt":"2025-08-13T19:59:21","guid":{"rendered":"https:\/\/www.rosarioalerta.com.ar\/site\/?p=27098"},"modified":"2025-08-13T16:59:23","modified_gmt":"2025-08-13T19:59:23","slug":"seguridad-barras-bravas-y-un-nuevo-protocolo-policial","status":"publish","type":"post","link":"https:\/\/www.rosarioalerta.com.ar\/site\/archivos\/27098","title":{"rendered":"Seguridad, barras bravas y un nuevo protocolo policial"},"content":{"rendered":"\n<p>El ministro Pablo Cococcioni encabez\u00f3 el acto por el aniversario de la Polic\u00eda de Rosario y abord\u00f3 temas clave<\/p>\n\n\n\n<p>En el <strong>Monumento Nacional a la Bandera<\/strong>, escenario cargado de historia y simbolismo, se realiz\u00f3 el acto por un nuevo aniversario de la Polic\u00eda de Rosario. El ministro de Justicia y Seguridad de Santa Fe, <strong>Pablo Cococcioni<\/strong>, aprovech\u00f3 la ocasi\u00f3n para hacer un balance del trabajo policial y presentar algunos anuncios de impacto.<\/p>\n\n\n\n<p>\u201cEl acto es un momento para agradecer y valorar el compromiso diario de nuestros polic\u00edas\u201d, expres\u00f3. Destac\u00f3 que la baja sostenida en los homicidios contin\u00faa, pese a los <strong>altibajos mensuales<\/strong>. Seg\u00fan sus palabras, 2024 <strong>muestra una reducci\u00f3n significativa<\/strong> respecto a a\u00f1os anteriores, aunque cada hecho violento sigue siendo motivo de preocupaci\u00f3n y seguimiento.<\/p>\n\n\n\n<p>La reciente detenci\u00f3n de \u201c<strong>Laucha<\/strong>\u201d, presunto l\u00edder de la <strong>barra brava de Rosario Central<\/strong>, reabri\u00f3 el debate sobre la <strong>violencia en las tribunas<\/strong> y el rol del <strong>crimen organizado<\/strong> en estos espacios. <strong>Cococcioni<\/strong> fue tajante: <em>&#8220;Los controles se van a reforzar, pero los clubes tambi\u00e9n deben asumir su responsabilidad. No puede ser que el costo de la inseguridad en los estadios lo pague la ciudadan\u00eda&#8221;.<\/em><\/p>\n\n\n\n<p>Uno de los puntos m\u00e1s importantes fue el anuncio del <strong>nuevo protocolo de uso de la fuerza,<\/strong> que entrar\u00e1 en vigencia progresivamente. <strong>Rosario<\/strong> ser\u00e1 la <strong>ciudad piloto<\/strong>. Incluye la incorporaci\u00f3n de <strong>armas de menor letalidad<\/strong>, como <strong>Taser y Virna<\/strong>, y una escala detallada para evaluar las respuestas policiales frente a agresores.<\/p>\n\n\n\n<p>En un escenario complejo, donde el delito muta y se infiltra en \u00e1mbitos como el deporte, el gobierno provincial apuesta a una polic\u00eda mejor equipada y capacitada. La seguridad, m\u00e1s que un acto simb\u00f3lico, exige planificaci\u00f3n, evaluaci\u00f3n y sobre todo, compromiso. Y aunque los n\u00fameros digan que se avanza, en Rosario cada decisi\u00f3n pesa.<\/p>\n<div class=\"newspaper-x-tags\"><strong>TAGS: <\/strong><span><a href=\"https:\/\/www.rosarioalerta.com.ar\/site\/archivos\/tag\/noticias-de-rosario\" rel=\"tag\">Noticias de Rosario<\/a><\/span><a href=\"https:\/\/www.rosarioalerta.com.ar\/site\/archivos\/tag\/pablo-cococcioni\" rel=\"tag\">Pablo Cococcioni<\/a><\/span><a href=\"https:\/\/www.rosarioalerta.com.ar\/site\/archivos\/tag\/rosario\" rel=\"tag\">Rosario<\/a><\/span><a href=\"https:\/\/www.rosarioalerta.com.ar\/site\/archivos\/tag\/santa-fe\" rel=\"tag\">Santa Fe<\/a> <\/div>","protected":false},"excerpt":{"rendered":"<p>El ministro Pablo Cococcioni encabez\u00f3 el acto por el aniversario de la Polic\u00eda de Rosario y abord\u00f3 temas clave En el Monumento Nacional a la Bandera, escenario cargado de historia y simbolismo, se realiz\u00f3 el acto por un nuevo aniversario de la Polic\u00eda de Rosario. El ministro de Justicia y Seguridad de Santa Fe, Pablo [&hellip;]<\/p>\n","protected":false},"author":2,"featured_media":27099,"comment_status":"open","ping_status":"open","sticky":false,"template":"","format":"standard","meta":{"_joinchat":[],"footnotes":""},"categories":[18,21,14],"tags":[95,611,55,65],"class_list":["post-27098","post","type-post","status-publish","format-standard","has-post-thumbnail","hentry","category-institucional","category-noticias","category-policiales","tag-noticias-de-rosario","tag-pablo-cococcioni","tag-rosario","tag-santa-fe"],"_links":{"self":[{"href":"https:\/\/www.rosarioalerta.com.ar\/site\/wp-json\/wp\/v2\/posts\/27098","targetHints":{"allow":["GET"]}}],"collection":[{"href":"https:\/\/www.rosarioalerta.com.ar\/site\/wp-json\/wp\/v2\/posts"}],"about":[{"href":"https:\/\/www.rosarioalerta.com.ar\/site\/wp-json\/wp\/v2\/types\/post"}],"author":[{"embeddable":true,"href":"https:\/\/www.rosarioalerta.com.ar\/site\/wp-json\/wp\/v2\/users\/2"}],"replies":[{"embeddable":true,"href":"https:\/\/www.rosarioalerta.com.ar\/site\/wp-json\/wp\/v2\/comments?post=27098"}],"version-history":[{"count":1,"href":"https:\/\/www.rosarioalerta.com.ar\/site\/wp-json\/wp\/v2\/posts\/27098\/revisions"}],"predecessor-version":[{"id":27100,"href":"https:\/\/www.rosarioalerta.com.ar\/site\/wp-json\/wp\/v2\/posts\/27098\/revisions\/27100"}],"wp:featuredmedia":[{"embeddable":true,"href":"https:\/\/www.rosarioalerta.com.ar\/site\/wp-json\/wp\/v2\/media\/27099"}],"wp:attachment":[{"href":"https:\/\/www.rosarioalerta.com.ar\/site\/wp-json\/wp\/v2\/media?parent=27098"}],"wp:term":[{"taxonomy":"category","embeddable":true,"href":"https:\/\/www.rosarioalerta.com.ar\/site\/wp-json\/wp\/v2\/categories?post=27098"},{"taxonomy":"post_tag","embeddable":true,"href":"https:\/\/www.rosarioalerta.com.ar\/site\/wp-json\/wp\/v2\/tags?post=27098"}],"curies":[{"name":"wp","href":"https:\/\/api.w.org\/{rel}","templated":true}]}}