{"id":26980,"date":"2025-08-08T18:33:17","date_gmt":"2025-08-08T21:33:17","guid":{"rendered":"https:\/\/www.rosarioalerta.com.ar\/site\/?p=26980"},"modified":"2025-08-08T18:33:18","modified_gmt":"2025-08-08T21:33:18","slug":"dos-banderas-un-mismo-mensaje","status":"publish","type":"post","link":"https:\/\/www.rosarioalerta.com.ar\/site\/archivos\/26980","title":{"rendered":"Dos banderas, un mismo mensaje"},"content":{"rendered":"\n<p>Nuevas amenazas p\u00fablicas dirigidas a Dylan Cantero<\/p>\n\n\n\n<p>En menos de una semana, aparecieron dos pasacalles con fuertes acusaciones al joven vinculado al <strong>Clan Cantero<\/strong>. Fueron colgados en lugares de alta visibilidad: un hipermercado y una escuela. Entre el martes y el viernes, se registraron dos episodios que volvieron a poner en foco a <strong>Dylan Cantero<\/strong>, hijo de <strong>M\u00e1ximo Ariel \u201cEl Viejo\u201d Cantero<\/strong>, hist\u00f3rico fundador de la organizaci\u00f3n criminal conocida como <strong>Los Monos<\/strong>. Ambos hechos ocurrieron en la zona sur de Rosario y consistieron en la aparici\u00f3n de banderas con mensajes amenazantes hacia el joven.<\/p>\n\n\n\n<p>El primer trapo fue encontrado el martes en la reja de un hipermercado ubicado en inmediaciones de <strong>Oro\u00f1o y Batlle y Ord\u00f3\u00f1ez<\/strong>, sobre calle Omb\u00fa. Estaba escrito con aerosol y lo acusaba de estar vinculado a homicidios en el barrio <strong>Las Flores<\/strong>. La situaci\u00f3n fue advertida por personal de seguridad del predio, que dio aviso a la Polic\u00eda. El cartel fue secuestrado como prueba.<\/p>\n\n\n\n<p>El segundo mensaje apareci\u00f3 este viernes por la ma\u00f1ana en la entrada de una escuela primaria situada en <strong>Buenos Aires al 6000<\/strong>. Fue la vicedirectora quien lo encontr\u00f3 colgado al llegar al edificio. En este caso, el texto tambi\u00e9n hac\u00eda menci\u00f3n a <strong>Dylan Cantero<\/strong> y lo sindicaba como responsable de asesinatos.<\/p>\n\n\n\n<p>Seg\u00fan fuentes policiales, los mensajes no estaban firmados ni conten\u00edan s\u00edmbolos identificables, pero s\u00ed ten\u00edan caracter\u00edsticas similares: fondo blanco, letras negras, lenguaje directo y ubicaciones elegidas para lograr alto impacto p\u00fablico.<\/p>\n\n\n\n<p>No es la primera vez que el nombre de <strong>Dylan<\/strong> aparece en este tipo de mensajes. En mayo pasado se hab\u00edan colgado cinco banderas similares en distintas zonas de Rosario. En aquella oportunidad, tambi\u00e9n se mencionaba a <strong>Andr\u00e9s \u201cPillin\u201d Bracamonte<\/strong>, hijo del ex l\u00edder de la barra brava de Rosario Central, asesinado el pasado a\u00f1o.<\/p>\n\n\n\n<p><strong>Dylan<\/strong> recuper\u00f3 su libertad a fines de 2023, luego de cumplir una condena por asociaci\u00f3n il\u00edcita. Tambi\u00e9n tuvo antecedentes en la Justicia de Menores por portaci\u00f3n de arma de fuego.<\/p>\n\n\n\n<p>Los pasacalles se consolidan como una modalidad de se\u00f1alamiento o amenaza en el entramado de violencia urbana. Lejos de tratarse de un fen\u00f3meno aislado, estas expresiones p\u00fablicas advierten sobre disputas en curso y la persistencia de tensiones dentro y fuera del <strong>Clan Cantero<\/strong>. La visibilizaci\u00f3n de estos hechos en entornos como escuelas o centros comerciales tambi\u00e9n plantea una preocupaci\u00f3n creciente en t\u00e9rminos de seguridad ciudadana y convivencia.<\/p>\n<div class=\"newspaper-x-tags\"><strong>TAGS: <\/strong><span><a href=\"https:\/\/www.rosarioalerta.com.ar\/site\/archivos\/tag\/dylan-cantero\" rel=\"tag\">Dylan Cantero<\/a><\/span><a href=\"https:\/\/www.rosarioalerta.com.ar\/site\/archivos\/tag\/los-monos\" rel=\"tag\">Los Monos<\/a><\/span><a href=\"https:\/\/www.rosarioalerta.com.ar\/site\/archivos\/tag\/noticias-de-rosario\" rel=\"tag\">Noticias de Rosario<\/a><\/span><a href=\"https:\/\/www.rosarioalerta.com.ar\/site\/archivos\/tag\/rosario\" rel=\"tag\">Rosario<\/a><\/span><a href=\"https:\/\/www.rosarioalerta.com.ar\/site\/archivos\/tag\/santa-fe\" rel=\"tag\">Santa Fe<\/a> <\/div>","protected":false},"excerpt":{"rendered":"<p>Nuevas amenazas p\u00fablicas dirigidas a Dylan Cantero En menos de una semana, aparecieron dos pasacalles con fuertes acusaciones al joven vinculado al Clan Cantero. Fueron colgados en lugares de alta visibilidad: un hipermercado y una escuela. Entre el martes y el viernes, se registraron dos episodios que volvieron a poner en foco a Dylan Cantero, [&hellip;]<\/p>\n","protected":false},"author":2,"featured_media":26981,"comment_status":"open","ping_status":"open","sticky":false,"template":"","format":"standard","meta":{"_joinchat":[],"footnotes":""},"categories":[21,14],"tags":[554,77,95,55,65],"class_list":["post-26980","post","type-post","status-publish","format-standard","has-post-thumbnail","hentry","category-noticias","category-policiales","tag-dylan-cantero","tag-los-monos","tag-noticias-de-rosario","tag-rosario","tag-santa-fe"],"_links":{"self":[{"href":"https:\/\/www.rosarioalerta.com.ar\/site\/wp-json\/wp\/v2\/posts\/26980","targetHints":{"allow":["GET"]}}],"collection":[{"href":"https:\/\/www.rosarioalerta.com.ar\/site\/wp-json\/wp\/v2\/posts"}],"about":[{"href":"https:\/\/www.rosarioalerta.com.ar\/site\/wp-json\/wp\/v2\/types\/post"}],"author":[{"embeddable":true,"href":"https:\/\/www.rosarioalerta.com.ar\/site\/wp-json\/wp\/v2\/users\/2"}],"replies":[{"embeddable":true,"href":"https:\/\/www.rosarioalerta.com.ar\/site\/wp-json\/wp\/v2\/comments?post=26980"}],"version-history":[{"count":1,"href":"https:\/\/www.rosarioalerta.com.ar\/site\/wp-json\/wp\/v2\/posts\/26980\/revisions"}],"predecessor-version":[{"id":26982,"href":"https:\/\/www.rosarioalerta.com.ar\/site\/wp-json\/wp\/v2\/posts\/26980\/revisions\/26982"}],"wp:featuredmedia":[{"embeddable":true,"href":"https:\/\/www.rosarioalerta.com.ar\/site\/wp-json\/wp\/v2\/media\/26981"}],"wp:attachment":[{"href":"https:\/\/www.rosarioalerta.com.ar\/site\/wp-json\/wp\/v2\/media?parent=26980"}],"wp:term":[{"taxonomy":"category","embeddable":true,"href":"https:\/\/www.rosarioalerta.com.ar\/site\/wp-json\/wp\/v2\/categories?post=26980"},{"taxonomy":"post_tag","embeddable":true,"href":"https:\/\/www.rosarioalerta.com.ar\/site\/wp-json\/wp\/v2\/tags?post=26980"}],"curies":[{"name":"wp","href":"https:\/\/api.w.org\/{rel}","templated":true}]}}