{"id":26748,"date":"2025-07-29T21:34:30","date_gmt":"2025-07-30T00:34:30","guid":{"rendered":"https:\/\/www.rosarioalerta.com.ar\/site\/?p=26748"},"modified":"2025-07-29T21:34:35","modified_gmt":"2025-07-30T00:34:35","slug":"choque-fatal-en-zona-sur","status":"publish","type":"post","link":"https:\/\/www.rosarioalerta.com.ar\/site\/archivos\/26748","title":{"rendered":"Choque fatal en zona sur"},"content":{"rendered":"\n<p>Una joven muri\u00f3 y su pareja permanece grave<\/p>\n\n\n\n<p>El hecho ocurri\u00f3 la tarde del lunes en la zona sur de Rosario. La v\u00edctima fatal ten\u00eda 19 a\u00f1os. La Fiscal\u00eda investiga las causas y orden\u00f3 pericias toxicol\u00f3gicas a los conductores. Una tarde tranquila en la ciudad de Rosario termin\u00f3 de forma tr\u00e1gica tras un siniestro vial ocurrido alrededor de las 19, en la intersecci\u00f3n de <strong>Brandoni y Meli\u00e1n<\/strong>, en la zona sur. Un Peugeot 307 impact\u00f3 contra una Bajaj Rouser 125cc, en la que viajaban dos j\u00f3venes.<\/p>\n\n\n\n<p>De acuerdo con fuentes oficiales, el auto era ocupado por dos personas, mientras que la moto era conducida por <strong>Lucas B de 20 a\u00f1os<\/strong>, con <strong>Luc\u00eda G\u00f3mez de 19<\/strong>, como acompa\u00f1ante. Por razones que a\u00fan son materia de investigaci\u00f3n, ambos veh\u00edculos colisionaron violentamente.<\/p>\n\n\n\n<p>Personal del <strong>SIES<\/strong> acudi\u00f3 al lugar y traslad\u00f3 a los j\u00f3venes de la motocicleta a distintos centros de salud. <strong>Luc\u00eda G\u00f3mez<\/strong> fue derivada al <strong>Hospital de Emergencias Clemente \u00c1lvarez<\/strong> (HECA) con m\u00faltiples traumatismos. Horas despu\u00e9s, y pese a los esfuerzos m\u00e9dicos, falleci\u00f3. En tanto, <strong>Lucas B<\/strong> fue trasladado al Hospital Provincial y luego derivado a un sanatorio privado, donde debi\u00f3 someterse a distintas intervenciones quir\u00fargicas, siendo su estado de salud reservado<\/p>\n\n\n\n<p>El fiscal de turno, <strong>Uriticochea<\/strong>, dispuso la realizaci\u00f3n de pruebas de alcoholemia y alcoholuria a los conductores involucrados. El conductor del Peugeot, identificado de 27 a\u00f1os, fue aprehendido de manera preventiva. Ninguno de los ocupantes del autom\u00f3vil result\u00f3 lesionado.<\/p>\n\n\n\n<p>Ambos veh\u00edculos quedaron secuestrados para peritajes que permitir\u00e1n evaluar sus condiciones t\u00e9cnicas al momento del hecho.<\/p>\n\n\n\n<p>El siniestro dej\u00f3 como saldo una v\u00edctima fatal y una familia sumida en el dolor. La investigaci\u00f3n avanza para esclarecer c\u00f3mo ocurri\u00f3 el hecho y determinar responsabilidades, mientras la comunidad reflexiona una vez m\u00e1s sobre la urgencia de mejorar la seguridad vial.<\/p>\n<div class=\"newspaper-x-tags\"><strong>TAGS: <\/strong><span><a href=\"https:\/\/www.rosarioalerta.com.ar\/site\/archivos\/tag\/noticias-de-rosario\" rel=\"tag\">Noticias de Rosario<\/a><\/span><a href=\"https:\/\/www.rosarioalerta.com.ar\/site\/archivos\/tag\/rosario\" rel=\"tag\">Rosario<\/a><\/span><a href=\"https:\/\/www.rosarioalerta.com.ar\/site\/archivos\/tag\/santa-fe\" rel=\"tag\">Santa Fe<\/a> <\/div>","protected":false},"excerpt":{"rendered":"<p>Una joven muri\u00f3 y su pareja permanece grave El hecho ocurri\u00f3 la tarde del lunes en la zona sur de Rosario. La v\u00edctima fatal ten\u00eda 19 a\u00f1os. La Fiscal\u00eda investiga las causas y orden\u00f3 pericias toxicol\u00f3gicas a los conductores. Una tarde tranquila en la ciudad de Rosario termin\u00f3 de forma tr\u00e1gica tras un siniestro vial [&hellip;]<\/p>\n","protected":false},"author":2,"featured_media":26749,"comment_status":"open","ping_status":"open","sticky":false,"template":"","format":"standard","meta":{"_joinchat":[],"footnotes":""},"categories":[17,6,21,14,10],"tags":[95,55,65],"class_list":["post-26748","post","type-post","status-publish","format-standard","has-post-thumbnail","hentry","category-heridos","category-homicidios","category-noticias","category-policiales","category-siniestros-viales","tag-noticias-de-rosario","tag-rosario","tag-santa-fe"],"_links":{"self":[{"href":"https:\/\/www.rosarioalerta.com.ar\/site\/wp-json\/wp\/v2\/posts\/26748","targetHints":{"allow":["GET"]}}],"collection":[{"href":"https:\/\/www.rosarioalerta.com.ar\/site\/wp-json\/wp\/v2\/posts"}],"about":[{"href":"https:\/\/www.rosarioalerta.com.ar\/site\/wp-json\/wp\/v2\/types\/post"}],"author":[{"embeddable":true,"href":"https:\/\/www.rosarioalerta.com.ar\/site\/wp-json\/wp\/v2\/users\/2"}],"replies":[{"embeddable":true,"href":"https:\/\/www.rosarioalerta.com.ar\/site\/wp-json\/wp\/v2\/comments?post=26748"}],"version-history":[{"count":1,"href":"https:\/\/www.rosarioalerta.com.ar\/site\/wp-json\/wp\/v2\/posts\/26748\/revisions"}],"predecessor-version":[{"id":26750,"href":"https:\/\/www.rosarioalerta.com.ar\/site\/wp-json\/wp\/v2\/posts\/26748\/revisions\/26750"}],"wp:featuredmedia":[{"embeddable":true,"href":"https:\/\/www.rosarioalerta.com.ar\/site\/wp-json\/wp\/v2\/media\/26749"}],"wp:attachment":[{"href":"https:\/\/www.rosarioalerta.com.ar\/site\/wp-json\/wp\/v2\/media?parent=26748"}],"wp:term":[{"taxonomy":"category","embeddable":true,"href":"https:\/\/www.rosarioalerta.com.ar\/site\/wp-json\/wp\/v2\/categories?post=26748"},{"taxonomy":"post_tag","embeddable":true,"href":"https:\/\/www.rosarioalerta.com.ar\/site\/wp-json\/wp\/v2\/tags?post=26748"}],"curies":[{"name":"wp","href":"https:\/\/api.w.org\/{rel}","templated":true}]}}