{"id":26310,"date":"2025-07-07T07:16:54","date_gmt":"2025-07-07T10:16:54","guid":{"rendered":"https:\/\/www.rosarioalerta.com.ar\/site\/?p=26310"},"modified":"2025-07-07T07:29:56","modified_gmt":"2025-07-07T10:29:56","slug":"madrugada-fatal","status":"publish","type":"post","link":"https:\/\/www.rosarioalerta.com.ar\/site\/archivos\/26310","title":{"rendered":"Madrugada fatal"},"content":{"rendered":"\n<p>Dos j\u00f3venes perdieron la vida tras derrapar en moto<\/p>\n\n\n\n<p>El tr\u00e1gico siniestro ocurri\u00f3 en la madrugada en la zona norte de Rosario. Las v\u00edctimas, de 30 y 26 a\u00f1os, fueron halladas sin signos vitales. Un hecho separado, ocurrido momentos antes en la ex Rural, sum\u00f3 tensi\u00f3n a la madrugada rosarina.<\/p>\n\n\n\n<p>La madrugada del domingo se ti\u00f1\u00f3 de luto en Rosario, cuando alrededor de las 3.30, personal policial fue comisionado por la <strong>Central de Emergencias del 911,<\/strong> hasta Av. <strong>Luis C\u00e1ndido Carballo al 300<\/strong>, donde vecinos alertaron sobre un siniestro vual con posibles v\u00edctimas. Al arribar, los agentes hallaron una KTM Duke y tendidos sobre el asfalto, un hombre y una mujer sin signos vitales.<\/p>\n\n\n\n<p>El equipo m\u00e9dico del <strong>SIES<\/strong>, confirm\u00f3 el fallecimiento de <strong>Denis Alan Emir Scalabroni de 30 a\u00f1os<\/strong> y <strong>Fiama Yamile Zalazar de 26.<\/strong> Seg\u00fan testigos del lugar, se habr\u00eda tratado de un derrape en plena calzada, sin intervenci\u00f3n de terceros. La escena fue preservada por el personal de la <strong>Comisar\u00eda 9\u00b0<\/strong> para las actuaciones de rigor y las tareas correspondientes del <strong>Gabinete Accidentol\u00f3gico de la PDI<\/strong><\/p>\n\n\n\n<p>Cabe resaltar que momentos antes, en las inmediaciones de <strong>Bv. Oro\u00f1o y 27 de Febrero,<\/strong> personal de la <strong>Brigada Motorizada<\/strong> aprehendi\u00f3 a un hombre acusado de causar da\u00f1os en un veh\u00edculo tras una discusi\u00f3n por el cobro indebido de estacionamiento. El episodio se produjo frente al ingreso del predio de la ex Rural, donde un automovilista denunci\u00f3 que su coche fue rayado por negarse a pagar una suma exigida por el ahora imputado<\/p>\n\n\n\n<figure class=\"wp-block-image size-large\"><img loading=\"lazy\" decoding=\"async\" width=\"1024\" height=\"576\" src=\"https:\/\/www.rosarioalerta.com.ar\/site\/wp-content\/uploads\/2025\/07\/auto-3-1024x576.jpg\" alt=\"\" class=\"wp-image-26311\" srcset=\"https:\/\/www.rosarioalerta.com.ar\/site\/wp-content\/uploads\/2025\/07\/auto-3-1024x576.jpg 1024w, https:\/\/www.rosarioalerta.com.ar\/site\/wp-content\/uploads\/2025\/07\/auto-3-300x169.jpg 300w, https:\/\/www.rosarioalerta.com.ar\/site\/wp-content\/uploads\/2025\/07\/auto-3-768x432.jpg 768w, https:\/\/www.rosarioalerta.com.ar\/site\/wp-content\/uploads\/2025\/07\/auto-3-1536x864.jpg 1536w, https:\/\/www.rosarioalerta.com.ar\/site\/wp-content\/uploads\/2025\/07\/auto-3.jpg 1920w\" sizes=\"auto, (max-width: 1024px) 100vw, 1024px\" \/><\/figure>\n\n\n\n<p>Tras la intervenci\u00f3n policial, un hombre de 36 a\u00f1os, fue detenido y trasladado a la <strong>Comisar\u00eda 2\u00ba<\/strong> para quedar a disposici\u00f3n de la justicia<\/p>\n<div class=\"newspaper-x-tags\"><strong>TAGS: <\/strong><span><a href=\"https:\/\/www.rosarioalerta.com.ar\/site\/archivos\/tag\/noticias-de-rosario\" rel=\"tag\">Noticias de Rosario<\/a><\/span><a href=\"https:\/\/www.rosarioalerta.com.ar\/site\/archivos\/tag\/rosario\" rel=\"tag\">Rosario<\/a><\/span><a href=\"https:\/\/www.rosarioalerta.com.ar\/site\/archivos\/tag\/santa-fe\" rel=\"tag\">Santa Fe<\/a> <\/div>","protected":false},"excerpt":{"rendered":"<p>Dos j\u00f3venes perdieron la vida tras derrapar en moto El tr\u00e1gico siniestro ocurri\u00f3 en la madrugada en la zona norte de Rosario. Las v\u00edctimas, de 30 y 26 a\u00f1os, fueron halladas sin signos vitales. Un hecho separado, ocurrido momentos antes en la ex Rural, sum\u00f3 tensi\u00f3n a la madrugada rosarina. La madrugada del domingo se [&hellip;]<\/p>\n","protected":false},"author":2,"featured_media":26317,"comment_status":"open","ping_status":"open","sticky":false,"template":"","format":"standard","meta":{"_joinchat":[],"footnotes":""},"categories":[21,14,10],"tags":[95,55,65],"class_list":["post-26310","post","type-post","status-publish","format-standard","has-post-thumbnail","hentry","category-noticias","category-policiales","category-siniestros-viales","tag-noticias-de-rosario","tag-rosario","tag-santa-fe"],"_links":{"self":[{"href":"https:\/\/www.rosarioalerta.com.ar\/site\/wp-json\/wp\/v2\/posts\/26310","targetHints":{"allow":["GET"]}}],"collection":[{"href":"https:\/\/www.rosarioalerta.com.ar\/site\/wp-json\/wp\/v2\/posts"}],"about":[{"href":"https:\/\/www.rosarioalerta.com.ar\/site\/wp-json\/wp\/v2\/types\/post"}],"author":[{"embeddable":true,"href":"https:\/\/www.rosarioalerta.com.ar\/site\/wp-json\/wp\/v2\/users\/2"}],"replies":[{"embeddable":true,"href":"https:\/\/www.rosarioalerta.com.ar\/site\/wp-json\/wp\/v2\/comments?post=26310"}],"version-history":[{"count":1,"href":"https:\/\/www.rosarioalerta.com.ar\/site\/wp-json\/wp\/v2\/posts\/26310\/revisions"}],"predecessor-version":[{"id":26313,"href":"https:\/\/www.rosarioalerta.com.ar\/site\/wp-json\/wp\/v2\/posts\/26310\/revisions\/26313"}],"wp:featuredmedia":[{"embeddable":true,"href":"https:\/\/www.rosarioalerta.com.ar\/site\/wp-json\/wp\/v2\/media\/26317"}],"wp:attachment":[{"href":"https:\/\/www.rosarioalerta.com.ar\/site\/wp-json\/wp\/v2\/media?parent=26310"}],"wp:term":[{"taxonomy":"category","embeddable":true,"href":"https:\/\/www.rosarioalerta.com.ar\/site\/wp-json\/wp\/v2\/categories?post=26310"},{"taxonomy":"post_tag","embeddable":true,"href":"https:\/\/www.rosarioalerta.com.ar\/site\/wp-json\/wp\/v2\/tags?post=26310"}],"curies":[{"name":"wp","href":"https:\/\/api.w.org\/{rel}","templated":true}]}}