{"id":26270,"date":"2025-07-04T16:34:29","date_gmt":"2025-07-04T19:34:29","guid":{"rendered":"https:\/\/www.rosarioalerta.com.ar\/site\/?p=26270"},"modified":"2025-07-04T16:34:30","modified_gmt":"2025-07-04T19:34:30","slug":"el-rastro-de-una-piedra-justicia-por-ivana","status":"publish","type":"post","link":"https:\/\/www.rosarioalerta.com.ar\/site\/archivos\/26270","title":{"rendered":"El rastro de una piedra: justicia por Ivana"},"content":{"rendered":"\n<p>Tras m\u00e1s de un a\u00f1o pr\u00f3fugo, <strong>Dami\u00e1n Reinfestuel<\/strong> fue imputado por el homicidio de <strong>Ivana Garcilazo<\/strong><\/p>\n\n\n\n<p>La justicia lo acusa como coautor de un ataque con tintes de odio en un contexto deportivo. La prisi\u00f3n preventiva fue confirmada, este viernes. Vestido de naranja, se present\u00f3 via zoom, desde la Unidad Penitenciaria N\u00ba 11 de Pi\u00f1ero, donde est\u00e1 aprehendido bajo el r\u00e9gimen de alto perfil.<\/p>\n\n\n\n<p>La audiencia se desarroll\u00f3 bajo mucha tensi\u00f3n y expectativa, teniendo como protagonista a <strong>Dami\u00e1n Reinfestuel<\/strong>, acusado de haber participado activamente en el crimen de <strong>Ivana Garcilazo<\/strong>, hecho ocurri\u00f3 el 30 de septiembre de 2023 en <strong>Montevideo y Ov. Lagos<\/strong>, luego del cl\u00e1sico entre Rosario <strong>Central y Newell\u2019s<\/strong>.<\/p>\n\n\n\n<p>El fiscal <strong>Lisandro Artacho<\/strong>, integrante del Equipo Fiscal Transitorio en Violencias Altamente Lesivas, imput\u00f3 a <strong>Reinfestuel<\/strong> por homicidio agravado con ocasi\u00f3n de espect\u00e1culo deportivo, en car\u00e1cter de coautor. El juez &nbsp;de la audiencia, <strong>Fernando Sosa<\/strong>, acept\u00f3 la calificaci\u00f3n y dict\u00f3 prisi\u00f3n preventiva por el plazo de ley.<\/p>\n\n\n\n<p>La reconstrucci\u00f3n del hecho indica que <strong>Reinfestuel<\/strong>, junto a <strong>Juan Jos\u00e9 Mass\u00f3n<\/strong> y <strong>Ariel Cabrera <\/strong>ya detenidos, arroj\u00f3 baldosas hacia <strong>Ivana<\/strong> mientras ella circulaba en moto con indumentaria del club <strong>Rosario Central<\/strong>. Una de esas piedras impact\u00f3 en su cr\u00e1neo y le caus\u00f3 la muerte, el fiscal adem\u00e1s dijo; <em>\u201ctenemos pruebas muy contundentes, m\u00ednimo 5 testigos del hecho que son claros en la mec\u00e1nica, identifican a 3 personas que est\u00e1n paradas en esa esquina, esperando que pase la moto en la que circulaba <strong>Ivana<\/strong> y los 3, en el mismo momento, arrojaron piedras, una de estas, es la que impacta en el cr\u00e1neo de la v\u00edctima\u201d<\/em>En base a los testigos presenciales del hecho, uno identifica claramente que el de buzo rojo, que es<strong> Reinfestuel, <\/strong>es el que le dio la piedra que impact\u00f3 en el cr\u00e1neo.<\/p>\n\n\n\n<p>Otro testimonio, manifest\u00f3 que<strong> Reinfestuel, <\/strong>luego de participar en el asesinato, abandon\u00f3 la escena, a bordo de un taxi. El testimonio del taxista dice que;<strong> \u201cReinfestuel <\/strong><em>ten\u00eda una lata de cerveza cerrada en la mano y amag\u00f3 con arroj\u00e1rsela a una moto con dos personas que ten\u00edan vestimenta de <strong>Rosario Central <\/strong>y que pasaban en ese mismo momento, pero al pasar r\u00e1pido no se la pudo arrojar<strong>\u201d<\/strong><\/em><\/p>\n\n\n\n<p>La fuga del acusado incluy\u00f3 pasos ilegales a <strong>Bolivia<\/strong>, una identidad falsa \u2014<strong>Lucio Rodr\u00edguez<\/strong>\u2014 y un trabajo como docente. La Fiscal\u00eda <strong>pudo <\/strong>reconstruir la hu\u00edda; de<strong> Rosario, <\/strong>se fue a<strong> San Nicol\u00e1s, <\/strong>provincia de<strong> Buenos Aires, <\/strong>luego una vez recibida asesor\u00eda legal en ese lugar, se fue hacia <strong>Salta <\/strong>y all\u00ed se tom\u00f3 un remis hacia el paso fronterizo con<strong> Bolivia. <\/strong>Utiliz\u00f3 una v\u00eda irregular para acceder al vecino pa\u00eds, dado que el egreso de<strong> Reinfestuel <\/strong>en la aduana no figuraba. Finalmentefue capturado en la localidad de <strong>Samaipata, <\/strong>tras el aporte de un testigo de identidad reservada, que lo denunci\u00f3 el 20 de febrero. Seis d\u00edas m\u00e1s tarde, fue detenido y el<strong> Programa Recompensa <\/strong>ya se hizo efectivo para este testigo<\/p>\n\n\n\n<p>Si bien la familia de Ivana pide la pena m\u00e1xima el Fiscal aclar\u00f3;<em> \u201cNo podemos pedir perpetua porque el crimen de odio, seg\u00fan la ley, solo se aplica a casos por religi\u00f3n, g\u00e9nero o raza\u201d,<\/em> explic\u00f3 <strong>Artacho<\/strong>, aunque remarc\u00f3 que <em>\u201cla intenci\u00f3n de matar estuvo presente\u201d.<\/em>La Fiscal\u00eda solicit\u00f3 &nbsp;una pena de 30 a\u00f1os y la querella lo ha hecho por una pena de 34 a\u00f1os<\/p>\n\n\n\n<p>En tanto la defensa hizo alusi\u00f3n al despliegue en el operativo de traslado y solicitaron que no sea <strong>trasladado a Pi\u00f1ero <\/strong>nuevamente, solicitando una condici\u00f3n especial en la <strong>c\u00e1rcel de Vera. <\/strong>Aunque esas solicitudes, deben hacerse bajo la \u00f3rbita del <strong>Servicio Penitenciario, <\/strong>quienes evaluaron por la seguridad del imputado que permanezca como preso de <strong>Alto Perfil en Pi\u00f1ero<\/strong><\/p>\n\n\n\n<p>Mientras la familia de <strong>Ivana<\/strong> pide justicia y m\u00e1xima pena, la fiscal\u00eda avanza con una acusaci\u00f3n basada en pruebas s\u00f3lidas: cinco testigos presenciales, una reconstrucci\u00f3n precisa y una firme convicci\u00f3n de coautor\u00eda.<br><\/p>\n<div class=\"newspaper-x-tags\"><strong>TAGS: <\/strong><span><a href=\"https:\/\/www.rosarioalerta.com.ar\/site\/archivos\/tag\/damian-reinfestuel\" rel=\"tag\">Dami\u00e1n Reinfestuel<\/a><\/span><a href=\"https:\/\/www.rosarioalerta.com.ar\/site\/archivos\/tag\/ivana-garcilazo\" rel=\"tag\">Ivana Garcilazo<\/a><\/span><a href=\"https:\/\/www.rosarioalerta.com.ar\/site\/archivos\/tag\/justicia-por-ivana\" rel=\"tag\">Justicia Por Ivana<\/a><\/span><a href=\"https:\/\/www.rosarioalerta.com.ar\/site\/archivos\/tag\/noticias-de-rosario\" rel=\"tag\">Noticias de Rosario<\/a><\/span><a href=\"https:\/\/www.rosarioalerta.com.ar\/site\/archivos\/tag\/rosario\" rel=\"tag\">Rosario<\/a><\/span><a href=\"https:\/\/www.rosarioalerta.com.ar\/site\/archivos\/tag\/santa-fe\" rel=\"tag\">Santa Fe<\/a> <\/div>","protected":false},"excerpt":{"rendered":"<p>Tras m\u00e1s de un a\u00f1o pr\u00f3fugo, Dami\u00e1n Reinfestuel fue imputado por el homicidio de Ivana Garcilazo La justicia lo acusa como coautor de un ataque con tintes de odio en un contexto deportivo. La prisi\u00f3n preventiva fue confirmada, este viernes. Vestido de naranja, se present\u00f3 via zoom, desde la Unidad Penitenciaria N\u00ba 11 de Pi\u00f1ero, [&hellip;]<\/p>\n","protected":false},"author":2,"featured_media":26271,"comment_status":"open","ping_status":"open","sticky":false,"template":"","format":"standard","meta":{"_joinchat":[],"footnotes":""},"categories":[11,13,21,14],"tags":[445,439,438,95,55,65],"class_list":["post-26270","post","type-post","status-publish","format-standard","has-post-thumbnail","hentry","category-detenidos","category-judiciales","category-noticias","category-policiales","tag-damian-reinfestuel","tag-ivana-garcilazo","tag-justicia-por-ivana","tag-noticias-de-rosario","tag-rosario","tag-santa-fe"],"_links":{"self":[{"href":"https:\/\/www.rosarioalerta.com.ar\/site\/wp-json\/wp\/v2\/posts\/26270","targetHints":{"allow":["GET"]}}],"collection":[{"href":"https:\/\/www.rosarioalerta.com.ar\/site\/wp-json\/wp\/v2\/posts"}],"about":[{"href":"https:\/\/www.rosarioalerta.com.ar\/site\/wp-json\/wp\/v2\/types\/post"}],"author":[{"embeddable":true,"href":"https:\/\/www.rosarioalerta.com.ar\/site\/wp-json\/wp\/v2\/users\/2"}],"replies":[{"embeddable":true,"href":"https:\/\/www.rosarioalerta.com.ar\/site\/wp-json\/wp\/v2\/comments?post=26270"}],"version-history":[{"count":1,"href":"https:\/\/www.rosarioalerta.com.ar\/site\/wp-json\/wp\/v2\/posts\/26270\/revisions"}],"predecessor-version":[{"id":26272,"href":"https:\/\/www.rosarioalerta.com.ar\/site\/wp-json\/wp\/v2\/posts\/26270\/revisions\/26272"}],"wp:featuredmedia":[{"embeddable":true,"href":"https:\/\/www.rosarioalerta.com.ar\/site\/wp-json\/wp\/v2\/media\/26271"}],"wp:attachment":[{"href":"https:\/\/www.rosarioalerta.com.ar\/site\/wp-json\/wp\/v2\/media?parent=26270"}],"wp:term":[{"taxonomy":"category","embeddable":true,"href":"https:\/\/www.rosarioalerta.com.ar\/site\/wp-json\/wp\/v2\/categories?post=26270"},{"taxonomy":"post_tag","embeddable":true,"href":"https:\/\/www.rosarioalerta.com.ar\/site\/wp-json\/wp\/v2\/tags?post=26270"}],"curies":[{"name":"wp","href":"https:\/\/api.w.org\/{rel}","templated":true}]}}