{"id":26261,"date":"2025-07-04T15:30:31","date_gmt":"2025-07-04T18:30:31","guid":{"rendered":"https:\/\/www.rosarioalerta.com.ar\/site\/?p=26261"},"modified":"2025-07-04T15:30:31","modified_gmt":"2025-07-04T18:30:31","slug":"prision-preventiva-para-reinfestuel-por-el-crimen-de-ivana-garcilazo","status":"publish","type":"post","link":"https:\/\/www.rosarioalerta.com.ar\/site\/archivos\/26261","title":{"rendered":"Prisi\u00f3n preventiva para Reinfestuel por el crimen de Ivana Garcilazo"},"content":{"rendered":"\n<p>Dami\u00e1n Reinfestuel fue imputado como coautor del homicidio de <strong>Ivana Garcilazo,<\/strong> ocurrido tras un partido entre Central y Newell&#8217;s. La v\u00edctima fue atacada a piedrazos en plena calle por portar indumentaria del club canalla.<\/p>\n\n\n\n<p>El caso que conmocion\u00f3 a <strong>Rosario<\/strong> por su brutalidad y contexto irracional sum\u00f3 este viernes un nuevo cap\u00edtulo. En la Sala 7 del Centro de Justicia Penal, el juez <strong>Fernando Sosa<\/strong> resolvi\u00f3 dictar prisi\u00f3n preventiva para <strong>Dami\u00e1n Reinfestuel de 46 a\u00f1os<\/strong>, imputado como coautor del homicidio de <strong>Ivana Garcilazo<\/strong>. El hecho ocurri\u00f3 el <strong>30 de septiembre de 2023<\/strong>, luego del cl\u00e1sico rosarino entre <strong>Rosario Central y Newell\u2019s Old Boys<\/strong>.<\/p>\n\n\n\n<p>Seg\u00fan detall\u00f3 el fiscal Lisandro Artacho, <strong>Reinfestuel<\/strong> se reuni\u00f3 con <strong>Ariel Cabrera y Juan Jos\u00e9 Mass\u00f3n <\/strong>en zona de <strong>Catamarca e Iriondo<\/strong> para ver el partido. Al finalizar, los tres se dirigieron hacia <strong>Montevideo y Ov. Lagos,<\/strong> donde vieron a <strong>Ivana Garcilazo<\/strong> circular en moto junto a su pareja, con vestimenta que la identificaba como simpatizante de <strong>Rosario Central<\/strong>.<\/p>\n\n\n\n<p>All\u00ed, en un acto de violencia colectiva, los tres hombres arrojaron baldosas contra la mujer. Uno de los proyectiles impact\u00f3 en su cr\u00e1neo, provoc\u00e1ndole un traumatismo enc\u00e9falo craneano grave que deriv\u00f3 en su muerte. Tras el ataque, <strong>Reinfestuel y Mass\u00f3n<\/strong> escaparon, mientras <strong>Cabrera<\/strong> intent\u00f3 agredir al novio de la v\u00edctima.<\/p>\n\n\n\n<p><strong>Reinfestuel<\/strong> fue detenido por <strong>Interpol<\/strong> el <strong>25 de febrero<\/strong> de este a\u00f1o en <strong>Samaipata, Bolivia<\/strong>. Con \u00e9l, ya son tres los imputados en la causa, todos con prisi\u00f3n preventiva. La justicia ahora deber\u00e1 avanzar hacia el juicio oral.<\/p>\n\n\n\n<p>El crimen de <strong>Ivana Garcilazo<\/strong> no fue solo un acto de violencia, sino un espejo brutal del fanatismo que se desborda y asesina. Justicia, responsabilidad y memoria son pilares para que nunca m\u00e1s una camiseta justifique la muerte.<\/p>\n<div class=\"newspaper-x-tags\"><strong>TAGS: <\/strong><span><a href=\"https:\/\/www.rosarioalerta.com.ar\/site\/archivos\/tag\/damian-reinfestuel\" rel=\"tag\">Dami\u00e1n Reinfestuel<\/a><\/span><a href=\"https:\/\/www.rosarioalerta.com.ar\/site\/archivos\/tag\/noticias-de-rosario\" rel=\"tag\">Noticias de Rosario<\/a><\/span><a href=\"https:\/\/www.rosarioalerta.com.ar\/site\/archivos\/tag\/rosario\" rel=\"tag\">Rosario<\/a><\/span><a href=\"https:\/\/www.rosarioalerta.com.ar\/site\/archivos\/tag\/santa-fe\" rel=\"tag\">Santa Fe<\/a> <\/div>","protected":false},"excerpt":{"rendered":"<p>Dami\u00e1n Reinfestuel fue imputado como coautor del homicidio de Ivana Garcilazo, ocurrido tras un partido entre Central y Newell&#8217;s. La v\u00edctima fue atacada a piedrazos en plena calle por portar indumentaria del club canalla. El caso que conmocion\u00f3 a Rosario por su brutalidad y contexto irracional sum\u00f3 este viernes un nuevo cap\u00edtulo. En la Sala [&hellip;]<\/p>\n","protected":false},"author":2,"featured_media":26262,"comment_status":"open","ping_status":"open","sticky":false,"template":"","format":"standard","meta":{"_joinchat":[],"footnotes":""},"categories":[11,13,21,14],"tags":[445,95,55,65],"class_list":["post-26261","post","type-post","status-publish","format-standard","has-post-thumbnail","hentry","category-detenidos","category-judiciales","category-noticias","category-policiales","tag-damian-reinfestuel","tag-noticias-de-rosario","tag-rosario","tag-santa-fe"],"_links":{"self":[{"href":"https:\/\/www.rosarioalerta.com.ar\/site\/wp-json\/wp\/v2\/posts\/26261","targetHints":{"allow":["GET"]}}],"collection":[{"href":"https:\/\/www.rosarioalerta.com.ar\/site\/wp-json\/wp\/v2\/posts"}],"about":[{"href":"https:\/\/www.rosarioalerta.com.ar\/site\/wp-json\/wp\/v2\/types\/post"}],"author":[{"embeddable":true,"href":"https:\/\/www.rosarioalerta.com.ar\/site\/wp-json\/wp\/v2\/users\/2"}],"replies":[{"embeddable":true,"href":"https:\/\/www.rosarioalerta.com.ar\/site\/wp-json\/wp\/v2\/comments?post=26261"}],"version-history":[{"count":1,"href":"https:\/\/www.rosarioalerta.com.ar\/site\/wp-json\/wp\/v2\/posts\/26261\/revisions"}],"predecessor-version":[{"id":26263,"href":"https:\/\/www.rosarioalerta.com.ar\/site\/wp-json\/wp\/v2\/posts\/26261\/revisions\/26263"}],"wp:featuredmedia":[{"embeddable":true,"href":"https:\/\/www.rosarioalerta.com.ar\/site\/wp-json\/wp\/v2\/media\/26262"}],"wp:attachment":[{"href":"https:\/\/www.rosarioalerta.com.ar\/site\/wp-json\/wp\/v2\/media?parent=26261"}],"wp:term":[{"taxonomy":"category","embeddable":true,"href":"https:\/\/www.rosarioalerta.com.ar\/site\/wp-json\/wp\/v2\/categories?post=26261"},{"taxonomy":"post_tag","embeddable":true,"href":"https:\/\/www.rosarioalerta.com.ar\/site\/wp-json\/wp\/v2\/tags?post=26261"}],"curies":[{"name":"wp","href":"https:\/\/api.w.org\/{rel}","templated":true}]}}