{"id":26222,"date":"2025-07-03T07:42:15","date_gmt":"2025-07-03T10:42:15","guid":{"rendered":"https:\/\/www.rosarioalerta.com.ar\/site\/?p=26222"},"modified":"2025-07-03T07:42:16","modified_gmt":"2025-07-03T10:42:16","slug":"cuando-el-silencio-tiene-precio","status":"publish","type":"post","link":"https:\/\/www.rosarioalerta.com.ar\/site\/archivos\/26222","title":{"rendered":"Cuando el silencio tiene precio"},"content":{"rendered":"\n<p>La recompensa que acerc\u00f3 justicia por Ivana Garcilazo<\/p>\n\n\n\n<p>El traslado de <strong>Dami\u00e1n Reinfestuel<\/strong> a la Unidad Penitenciaria N\u00ba 11 de Pi\u00f1ero sella una captura clave lograda gracias al <strong>Programa Recompensas<\/strong> de Santa Fe. Este viernes ser\u00e1 imputado por homicidio agravado, en una audiencia que se realizar\u00e1 por videoconferencia.<\/p>\n\n\n\n<p>La captura de <strong>Dami\u00e1n Reinfestuel<\/strong>, uno de los pr\u00f3fugos m\u00e1s buscados en Santa Fe, representa una muestra concreta de que el silencio puede quebrarse cuando hay herramientas eficaces. El <strong>Programa Recompensas<\/strong>, impulsado por el <strong>Ministerio de Justicia y Seguridad<\/strong> de la provincia, fue fundamental para localizarlo. <strong>Gracias a un dato certero y reservado<\/strong>, <strong>Reinfestuel<\/strong> fue detenido en <strong>Bolivia en febrero <\/strong>y finalmente trasladado esta semana a la <strong>Unidad Penitenciaria N\u00ba 11 de Pi\u00f1ero<\/strong>.<\/p>\n\n\n\n<p><strong>Reinfestuel<\/strong> est\u00e1 acusado de participar en el homicidio de <strong>Ivana Garcilazo<\/strong>, la joven asesinada el 30 de septiembre de 2023 en Rosario, tras un partido entre <strong>Newell\u2019s y Central<\/strong>. Es el tercer involucrado en la causa, que ya tiene a <strong>Ariel Cabrera y Juan Mass\u00f3n<\/strong> imputados por apedrear a la v\u00edctima en cercan\u00edas del estadio de <strong>Newell\u2019s<\/strong>.<\/p>\n\n\n\n<p>La audiencia imputativa ser\u00e1 este <strong>viernes 5 de julio a las 10 de la ma\u00f1ana<\/strong> y se realizar\u00e1 por videoconferencia ante el <strong>juez Fernando Sosa<\/strong>. A <strong>Reinfestuel<\/strong> se le atribuir\u00e1 homicidio agravado por haber sido cometido en ocasi\u00f3n de un espect\u00e1culo deportivo, una calificaci\u00f3n que podr\u00eda significarle <strong>hasta 35 a\u00f1os de prisi\u00f3n<\/strong>.<\/p>\n\n\n\n<p>La secretaria de <strong>Asuntos Penales, Luc\u00eda Masneri<\/strong>, destac\u00f3 el valor del programa: \u201cNo es una figura simb\u00f3lica. Se difunde, se aplica y se paga. Es la tercera recompensa que la provincia efectiviza y garantiza total confidencialidad\u201d.<\/p>\n\n\n\n<p>Esta herramienta, vigente, permite a cualquier ciudadano aportar datos relevantes sobre cr\u00edmenes no resueltos desde el 2014 en adelante, con la garant\u00eda de anonimato y la posibilidad de cobrar una suma econ\u00f3mica si la informaci\u00f3n resulta clave.<\/p>\n\n\n\n<p>El caso <strong>Reinfestuel<\/strong> demuestra que el Estado puede avanzar contra la impunidad cuando suma pol\u00edticas inteligentes. El <strong>Programa Recompensas<\/strong> no solo sirvi\u00f3 para dar con un pr\u00f3fugo, sino para enviar un mensaje: colaborar con la justicia es posible, seguro y necesario. Y este viernes, la causa <strong>Garcilazo<\/strong> dar\u00e1 un paso m\u00e1s hacia la verdad.<\/p>\n<div class=\"newspaper-x-tags\"><strong>TAGS: <\/strong><span><a href=\"https:\/\/www.rosarioalerta.com.ar\/site\/archivos\/tag\/damian-reinfestuel\" rel=\"tag\">Dami\u00e1n Reinfestuel<\/a><\/span><a href=\"https:\/\/www.rosarioalerta.com.ar\/site\/archivos\/tag\/noticias-de-rosario\" rel=\"tag\">Noticias de Rosario<\/a><\/span><a href=\"https:\/\/www.rosarioalerta.com.ar\/site\/archivos\/tag\/programa-de-recompensa\" rel=\"tag\">Programa de Recompensa<\/a><\/span><a href=\"https:\/\/www.rosarioalerta.com.ar\/site\/archivos\/tag\/rosario\" rel=\"tag\">Rosario<\/a><\/span><a href=\"https:\/\/www.rosarioalerta.com.ar\/site\/archivos\/tag\/santa-fe\" rel=\"tag\">Santa Fe<\/a> <\/div>","protected":false},"excerpt":{"rendered":"<p>La recompensa que acerc\u00f3 justicia por Ivana Garcilazo El traslado de Dami\u00e1n Reinfestuel a la Unidad Penitenciaria N\u00ba 11 de Pi\u00f1ero sella una captura clave lograda gracias al Programa Recompensas de Santa Fe. Este viernes ser\u00e1 imputado por homicidio agravado, en una audiencia que se realizar\u00e1 por videoconferencia. La captura de Dami\u00e1n Reinfestuel, uno de [&hellip;]<\/p>\n","protected":false},"author":2,"featured_media":26223,"comment_status":"open","ping_status":"open","sticky":false,"template":"","format":"standard","meta":{"_joinchat":[],"footnotes":""},"categories":[11,18,21,14,52],"tags":[445,95,1295,55,65],"class_list":["post-26222","post","type-post","status-publish","format-standard","has-post-thumbnail","hentry","category-detenidos","category-institucional","category-noticias","category-policiales","category-te-buscamos","tag-damian-reinfestuel","tag-noticias-de-rosario","tag-programa-de-recompensa","tag-rosario","tag-santa-fe"],"_links":{"self":[{"href":"https:\/\/www.rosarioalerta.com.ar\/site\/wp-json\/wp\/v2\/posts\/26222","targetHints":{"allow":["GET"]}}],"collection":[{"href":"https:\/\/www.rosarioalerta.com.ar\/site\/wp-json\/wp\/v2\/posts"}],"about":[{"href":"https:\/\/www.rosarioalerta.com.ar\/site\/wp-json\/wp\/v2\/types\/post"}],"author":[{"embeddable":true,"href":"https:\/\/www.rosarioalerta.com.ar\/site\/wp-json\/wp\/v2\/users\/2"}],"replies":[{"embeddable":true,"href":"https:\/\/www.rosarioalerta.com.ar\/site\/wp-json\/wp\/v2\/comments?post=26222"}],"version-history":[{"count":1,"href":"https:\/\/www.rosarioalerta.com.ar\/site\/wp-json\/wp\/v2\/posts\/26222\/revisions"}],"predecessor-version":[{"id":26224,"href":"https:\/\/www.rosarioalerta.com.ar\/site\/wp-json\/wp\/v2\/posts\/26222\/revisions\/26224"}],"wp:featuredmedia":[{"embeddable":true,"href":"https:\/\/www.rosarioalerta.com.ar\/site\/wp-json\/wp\/v2\/media\/26223"}],"wp:attachment":[{"href":"https:\/\/www.rosarioalerta.com.ar\/site\/wp-json\/wp\/v2\/media?parent=26222"}],"wp:term":[{"taxonomy":"category","embeddable":true,"href":"https:\/\/www.rosarioalerta.com.ar\/site\/wp-json\/wp\/v2\/categories?post=26222"},{"taxonomy":"post_tag","embeddable":true,"href":"https:\/\/www.rosarioalerta.com.ar\/site\/wp-json\/wp\/v2\/tags?post=26222"}],"curies":[{"name":"wp","href":"https:\/\/api.w.org\/{rel}","templated":true}]}}