{"id":26207,"date":"2025-07-02T15:40:10","date_gmt":"2025-07-02T18:40:10","guid":{"rendered":"https:\/\/www.rosarioalerta.com.ar\/site\/?p=26207"},"modified":"2025-07-02T15:53:33","modified_gmt":"2025-07-02T18:53:33","slug":"sin-escapatoria-nace-el-infierno","status":"publish","type":"post","link":"https:\/\/www.rosarioalerta.com.ar\/site\/archivos\/26207","title":{"rendered":"Sin escapatoria: nace \u2018El Infierno\u2019"},"content":{"rendered":"\n<p>Santa Fe avanza con la c\u00e1rcel m\u00e1s segura del continente<\/p>\n\n\n\n<p>Diez ofertas compiten por blindar \u201c<strong>El Infierno<\/strong>\u201d, el penal de m\u00e1xima seguridad que alojar\u00e1 a los criminales m\u00e1s peligrosos de Argentina. Ser\u00e1 \u00fanico en Sudam\u00e9rica y costar\u00e1 m\u00e1s de $34.000 millones.<\/p>\n\n\n\n<p>La provincia de Santa Fe dio un paso decisivo en la construcci\u00f3n de <strong>\u201cEl Infierno\u201d, la Unidad Penitenciaria N\u00b0 8 <\/strong>que se <strong>levanta en Pi\u00f1ero<\/strong>. Este mi\u00e9rcoles se abrieron las ofertas econ\u00f3micas para la construcci\u00f3n del doble muro perimetral, torreones y edificios operativos del complejo carcelario destinado exclusivamente a narcos, sicarios y l\u00edderes criminales de alto perfil.<\/p>\n\n\n\n<p>Con un presupuesto oficial de $34.484 millones, la licitaci\u00f3n atrajo a diez empresas constructoras, lo que da cuenta de la magnitud y el inter\u00e9s que despierta el proyecto. La obra no solo apunta a reforzar la seguridad penitenciaria, sino tambi\u00e9n a redefinir los est\u00e1ndares carcelarios en la regi\u00f3n.<\/p>\n\n\n\n<figure class=\"wp-block-embed is-type-video is-provider-youtube wp-block-embed-youtube wp-embed-aspect-4-3 wp-has-aspect-ratio\"><div class=\"wp-block-embed__wrapper\">\n<div class=\"newspaper-x-video-container\"><iframe loading=\"lazy\" title=\"Sin escapatoria: nace \u2018El Infierno\u2019\" width=\"750\" height=\"563\" src=\"https:\/\/www.youtube.com\/embed\/MdssJrErjzA?feature=oembed\" frameborder=\"0\" allow=\"accelerometer; autoplay; clipboard-write; encrypted-media; gyroscope; picture-in-picture; web-share\" referrerpolicy=\"strict-origin-when-cross-origin\" allowfullscreen><\/iframe><\/div>\n<\/div><\/figure>\n\n\n\n<p>\u201cEsta c\u00e1rcel no tiene antecedentes en Sudam\u00e9rica. Tuvimos que dise\u00f1arla desde cero\u201d, afirm\u00f3 el ministro de Justicia y Seguridad, Pablo Cococcioni. \u201cYa no alcanza con evitar fugas. Hoy se necesita resistir drones, ataques externos e intentos de rescate con helic\u00f3pteros\u201d, explic\u00f3, dejando en claro que \u201cEl Infierno\u201d est\u00e1 pensado para lo impensado.<\/p>\n\n\n\n<p>El muro perimetral tendr\u00e1 10 metros de altura, se extender\u00e1 por 1.800 metros y contar\u00e1 con torreones de vigilancia cada 70 metros. Tambi\u00e9n se construir\u00e1 una torre central de 36 metros con visibilidad total del predio. Adentro, el penal ofrecer\u00e1 1.152 celdas individuales, sin contacto f\u00edsico, y servicios como helipuerto y centro m\u00e9dico.<\/p>\n\n\n\n<p>Funcionarios del \u00e1rea coincidieron en que este penal permitir\u00e1 aislar completamente a los internos m\u00e1s peligrosos del pa\u00eds, sin contacto ni siquiera con otros presos. Para el gobierno provincial, representa un cambio estructural en la forma de enfrentar el crimen organizado.<\/p>\n\n\n\n<p>La construcci\u00f3n de \u201c<strong>El Infierno<\/strong>\u201d marca un antes y un despu\u00e9s en la seguridad penitenciaria argentina. Santa Fe apuesta fuerte: con infraestructura sin precedentes, busca aislar a quienes manejan redes criminales desde la c\u00e1rcel y blindar a la sociedad frente a ese poder oculto<\/p>\n<div class=\"newspaper-x-tags\"><strong>TAGS: <\/strong><span><a href=\"https:\/\/www.rosarioalerta.com.ar\/site\/archivos\/tag\/el-infierno\" rel=\"tag\">El Infierno<\/a><\/span><a href=\"https:\/\/www.rosarioalerta.com.ar\/site\/archivos\/tag\/noticias-de-pinero\" rel=\"tag\">Noticias de Pi\u00f1ero<\/a><\/span><a href=\"https:\/\/www.rosarioalerta.com.ar\/site\/archivos\/tag\/noticias-de-rosario\" rel=\"tag\">Noticias de Rosario<\/a><\/span><a href=\"https:\/\/www.rosarioalerta.com.ar\/site\/archivos\/tag\/pinero\" rel=\"tag\">Pi\u00f1ero<\/a><\/span><a href=\"https:\/\/www.rosarioalerta.com.ar\/site\/archivos\/tag\/rosario\" rel=\"tag\">Rosario<\/a><\/span><a href=\"https:\/\/www.rosarioalerta.com.ar\/site\/archivos\/tag\/santa-fe\" rel=\"tag\">Santa Fe<\/a><\/span><a href=\"https:\/\/www.rosarioalerta.com.ar\/site\/archivos\/tag\/unidad-penitenciaria-no-8\" rel=\"tag\">Unidad Penitenciaria N\u00ba 8<\/a> <\/div>","protected":false},"excerpt":{"rendered":"<p>Santa Fe avanza con la c\u00e1rcel m\u00e1s segura del continente Diez ofertas compiten por blindar \u201cEl Infierno\u201d, el penal de m\u00e1xima seguridad que alojar\u00e1 a los criminales m\u00e1s peligrosos de Argentina. Ser\u00e1 \u00fanico en Sudam\u00e9rica y costar\u00e1 m\u00e1s de $34.000 millones. La provincia de Santa Fe dio un paso decisivo en la construcci\u00f3n de \u201cEl [&hellip;]<\/p>\n","protected":false},"author":2,"featured_media":26208,"comment_status":"open","ping_status":"open","sticky":false,"template":"","format":"standard","meta":{"_joinchat":[],"footnotes":""},"categories":[18,21],"tags":[1365,326,95,325,55,65,1582],"class_list":["post-26207","post","type-post","status-publish","format-standard","has-post-thumbnail","hentry","category-institucional","category-noticias","tag-el-infierno","tag-noticias-de-pinero","tag-noticias-de-rosario","tag-pinero","tag-rosario","tag-santa-fe","tag-unidad-penitenciaria-no-8"],"_links":{"self":[{"href":"https:\/\/www.rosarioalerta.com.ar\/site\/wp-json\/wp\/v2\/posts\/26207","targetHints":{"allow":["GET"]}}],"collection":[{"href":"https:\/\/www.rosarioalerta.com.ar\/site\/wp-json\/wp\/v2\/posts"}],"about":[{"href":"https:\/\/www.rosarioalerta.com.ar\/site\/wp-json\/wp\/v2\/types\/post"}],"author":[{"embeddable":true,"href":"https:\/\/www.rosarioalerta.com.ar\/site\/wp-json\/wp\/v2\/users\/2"}],"replies":[{"embeddable":true,"href":"https:\/\/www.rosarioalerta.com.ar\/site\/wp-json\/wp\/v2\/comments?post=26207"}],"version-history":[{"count":2,"href":"https:\/\/www.rosarioalerta.com.ar\/site\/wp-json\/wp\/v2\/posts\/26207\/revisions"}],"predecessor-version":[{"id":26210,"href":"https:\/\/www.rosarioalerta.com.ar\/site\/wp-json\/wp\/v2\/posts\/26207\/revisions\/26210"}],"wp:featuredmedia":[{"embeddable":true,"href":"https:\/\/www.rosarioalerta.com.ar\/site\/wp-json\/wp\/v2\/media\/26208"}],"wp:attachment":[{"href":"https:\/\/www.rosarioalerta.com.ar\/site\/wp-json\/wp\/v2\/media?parent=26207"}],"wp:term":[{"taxonomy":"category","embeddable":true,"href":"https:\/\/www.rosarioalerta.com.ar\/site\/wp-json\/wp\/v2\/categories?post=26207"},{"taxonomy":"post_tag","embeddable":true,"href":"https:\/\/www.rosarioalerta.com.ar\/site\/wp-json\/wp\/v2\/tags?post=26207"}],"curies":[{"name":"wp","href":"https:\/\/api.w.org\/{rel}","templated":true}]}}