{"id":26104,"date":"2025-06-28T10:14:02","date_gmt":"2025-06-28T13:14:02","guid":{"rendered":"https:\/\/www.rosarioalerta.com.ar\/site\/?p=26104"},"modified":"2025-06-28T10:14:03","modified_gmt":"2025-06-28T13:14:03","slug":"el-infierno-toma-forma","status":"publish","type":"post","link":"https:\/\/www.rosarioalerta.com.ar\/site\/archivos\/26104","title":{"rendered":"El Infierno toma forma"},"content":{"rendered":"\n<p>Santa Fe levanta su basti\u00f3n contra el crimen organizado<\/p>\n\n\n\n<p>Con una inversi\u00f3n superior a los $34 mil millones, el gobierno provincial licita el muro perimetral del penal de m\u00e1xima seguridad que alojar\u00e1 a narcos y sicarios de alto perfil. Ser\u00e1 \u00fanico en Sudam\u00e9rica.<\/p>\n\n\n\n<p>Este mi\u00e9rcoles, a las 11, en la Sede de Gobierno de Rosario, se abrir\u00e1n los sobres de la licitaci\u00f3n para la construcci\u00f3n del <strong>muro perimetral de la Unidad Penitenciaria N\u00b08, conocida como \u201cEl Infierno\u201d.<\/strong> Se trata de una c\u00e1rcel de m\u00e1xima seguridad que alojar\u00e1 a m\u00e1s de mil internos de alto perfil \u2014en su mayor\u00eda vinculados al narcotr\u00e1fico y al sicariato\u2014 y que marcar\u00e1 un antes y un despu\u00e9s en la infraestructura penitenciaria de la regi\u00f3n.<\/p>\n\n\n\n<p>El penal se construye en <strong>Pi\u00f1ero<\/strong>, a <strong>pocos kil\u00f3metros de Rosario<\/strong>, y es parte de un ambicioso plan provincial para mejorar la seguridad y reducir la violencia. Con un presupuesto oficial de m\u00e1s de $34.484 millones, la obra contempla un doble muro perimetral de 10 metros de altura y 1.800 metros de longitud, con torreones de vigilancia cada 70 metros, adem\u00e1s de edificios de control, torres, garitas y un helipuerto.<\/p>\n\n\n\n<p>El complejo contar\u00e1 con 4 m\u00f3dulos y un total de <strong>1152 celdas individuales<\/strong> <strong>de hormig\u00f3n premoldeado<\/strong>. Tendr\u00e1 atenci\u00f3n m\u00e9dica intramuros, sistemas de comunicaci\u00f3n controlados y separaci\u00f3n por g\u00e9nero, algo innovador en el sistema penitenciario sudamericano.<\/p>\n\n\n\n<p>El proyecto no es aislado. Se enmarca en un plan m\u00e1s amplio del gobernador Maximiliano Pullaro, que incluye la ampliaci\u00f3n y modernizaci\u00f3n de unidades penitenciarias en Rosario, Santa Felicia y otras localidades, con el objetivo de liberar las comisar\u00edas provinciales que a\u00fan alojan detenidos. Esta semana, por ejemplo, se concret\u00f3 el traslado de todos los reclusos de las comisar\u00edas rosarinas hacia una subunidad del complejo de Pi\u00f1ero.<br>\u201c<strong>El Infierno<\/strong>\u201d no es solo una c\u00e1rcel; es un s\u00edmbolo del cambio estructural que impulsa Santa Fe en materia de seguridad. Con tecnolog\u00eda, control y un enfoque integral, la provincia busca contener a los criminales m\u00e1s peligrosos y devolverle a la sociedad el control sobre su propio territorio.<\/p>\n<div class=\"newspaper-x-tags\"><strong>TAGS: <\/strong><span><a href=\"https:\/\/www.rosarioalerta.com.ar\/site\/archivos\/tag\/el-infierno\" rel=\"tag\">El Infierno<\/a><\/span><a href=\"https:\/\/www.rosarioalerta.com.ar\/site\/archivos\/tag\/noticias-de-rosario\" rel=\"tag\">Noticias de Rosario<\/a><\/span><a href=\"https:\/\/www.rosarioalerta.com.ar\/site\/archivos\/tag\/pinero\" rel=\"tag\">Pi\u00f1ero<\/a><\/span><a href=\"https:\/\/www.rosarioalerta.com.ar\/site\/archivos\/tag\/rosario\" rel=\"tag\">Rosario<\/a><\/span><a href=\"https:\/\/www.rosarioalerta.com.ar\/site\/archivos\/tag\/santa-fe\" rel=\"tag\">Santa Fe<\/a><\/span><a href=\"https:\/\/www.rosarioalerta.com.ar\/site\/archivos\/tag\/unidad-penitenciaria-no-8\" rel=\"tag\">Unidad Penitenciaria N\u00ba 8<\/a> <\/div>","protected":false},"excerpt":{"rendered":"<p>Santa Fe levanta su basti\u00f3n contra el crimen organizado Con una inversi\u00f3n superior a los $34 mil millones, el gobierno provincial licita el muro perimetral del penal de m\u00e1xima seguridad que alojar\u00e1 a narcos y sicarios de alto perfil. Ser\u00e1 \u00fanico en Sudam\u00e9rica. Este mi\u00e9rcoles, a las 11, en la Sede de Gobierno de Rosario, [&hellip;]<\/p>\n","protected":false},"author":2,"featured_media":26105,"comment_status":"open","ping_status":"open","sticky":false,"template":"","format":"standard","meta":{"_joinchat":[],"footnotes":""},"categories":[18,21],"tags":[1365,95,325,55,65,1582],"class_list":["post-26104","post","type-post","status-publish","format-standard","has-post-thumbnail","hentry","category-institucional","category-noticias","tag-el-infierno","tag-noticias-de-rosario","tag-pinero","tag-rosario","tag-santa-fe","tag-unidad-penitenciaria-no-8"],"_links":{"self":[{"href":"https:\/\/www.rosarioalerta.com.ar\/site\/wp-json\/wp\/v2\/posts\/26104","targetHints":{"allow":["GET"]}}],"collection":[{"href":"https:\/\/www.rosarioalerta.com.ar\/site\/wp-json\/wp\/v2\/posts"}],"about":[{"href":"https:\/\/www.rosarioalerta.com.ar\/site\/wp-json\/wp\/v2\/types\/post"}],"author":[{"embeddable":true,"href":"https:\/\/www.rosarioalerta.com.ar\/site\/wp-json\/wp\/v2\/users\/2"}],"replies":[{"embeddable":true,"href":"https:\/\/www.rosarioalerta.com.ar\/site\/wp-json\/wp\/v2\/comments?post=26104"}],"version-history":[{"count":1,"href":"https:\/\/www.rosarioalerta.com.ar\/site\/wp-json\/wp\/v2\/posts\/26104\/revisions"}],"predecessor-version":[{"id":26106,"href":"https:\/\/www.rosarioalerta.com.ar\/site\/wp-json\/wp\/v2\/posts\/26104\/revisions\/26106"}],"wp:featuredmedia":[{"embeddable":true,"href":"https:\/\/www.rosarioalerta.com.ar\/site\/wp-json\/wp\/v2\/media\/26105"}],"wp:attachment":[{"href":"https:\/\/www.rosarioalerta.com.ar\/site\/wp-json\/wp\/v2\/media?parent=26104"}],"wp:term":[{"taxonomy":"category","embeddable":true,"href":"https:\/\/www.rosarioalerta.com.ar\/site\/wp-json\/wp\/v2\/categories?post=26104"},{"taxonomy":"post_tag","embeddable":true,"href":"https:\/\/www.rosarioalerta.com.ar\/site\/wp-json\/wp\/v2\/tags?post=26104"}],"curies":[{"name":"wp","href":"https:\/\/api.w.org\/{rel}","templated":true}]}}