{"id":25901,"date":"2025-06-23T07:45:11","date_gmt":"2025-06-23T10:45:11","guid":{"rendered":"https:\/\/www.rosarioalerta.com.ar\/site\/?p=25901"},"modified":"2025-06-23T07:45:12","modified_gmt":"2025-06-23T10:45:12","slug":"ruta-truncada-muerte-en-plena-obra","status":"publish","type":"post","link":"https:\/\/www.rosarioalerta.com.ar\/site\/archivos\/25901","title":{"rendered":"Ruta truncada: muerte en plena obra"},"content":{"rendered":"\n<p>Un operario de 45 a\u00f1os muri\u00f3 tras ser embestido por un autom\u00f3vil mientras se\u00f1alizaba una obra vial en pleno centro de Rosario<\/p>\n\n\n\n<p>Una ma\u00f1ana de rutina termin\u00f3 en tragedia este s\u00e1bado en la intersecci\u00f3n de las calles <strong>Uruguay y Entre R\u00edos<\/strong>, en la zona sur de Rosario. Un operario vial, identificado como <strong>Carlos Alberto W de 45 a\u00f1os<\/strong>, falleci\u00f3 luego de ser atropellado por un autom\u00f3vil mientras trabajaba en la se\u00f1alizaci\u00f3n de una obra en la v\u00eda p\u00fablica.<\/p>\n\n\n\n<p>El hecho ocurri\u00f3 por la ma\u00f1ana, cuando una unidad del Escuadr\u00f3n Caballer\u00eda y la Secci\u00f3n Perros fue comisionado al lugar tras un llamado por un siniestro vial. Al llegar, los agentes encontraron al trabajador tendido en el asfalto, debajo de uno de los camiones de la empresa de se\u00f1alizaci\u00f3n vial.<\/p>\n\n\n\n<p>Seg\u00fan las primeras versiones, un Renault Sandero conducido por <strong>Daniel Osvaldo F de 58 a\u00f1os<\/strong>, embisti\u00f3 al trabajador por razones que a\u00fan se investigan. La v\u00edctima estaba cumpliendo tareas de advertencia visual para alertar sobre la obra. El encargado de la cuadrilla aport\u00f3 los datos del operario y dio detalles del momento del siniestro.<\/p>\n\n\n\n<p>Minutos despu\u00e9s, arrib\u00f3 al lugar una ambulancia del <strong>SIES<\/strong>, cuyo personal m\u00e9dico, intent\u00f3 reanimar al hombre con maniobras de <strong>RCP<\/strong> avanzadas, pero lamentablemente ya no presentaba signos vitales. La fiscal\u00eda inici\u00f3 una causa por homicidio culposo, mientras se esperan pericias que permitan determinar la responsabilidad exacta del conductor y las condiciones de seguridad en el operativo vial.<\/p>\n\n\n\n<p>Una vida se apag\u00f3 en plena jornada laboral. El siniestro expone la vulnerabilidad de quienes trabajan en la v\u00eda p\u00fablica y pone en foco la necesidad de extremar medidas de prevenci\u00f3n y respeto a la se\u00f1alizaci\u00f3n. La investigaci\u00f3n judicial ser\u00e1 clave para esclarecer lo ocurrido, pero el da\u00f1o ya est\u00e1 hecho: otra v\u00edctima fatal en el tr\u00e1nsito rosarino.<\/p>\n<div class=\"newspaper-x-tags\"><strong>TAGS: <\/strong><span><a href=\"https:\/\/www.rosarioalerta.com.ar\/site\/archivos\/tag\/noticias-de-rosario\" rel=\"tag\">Noticias de Rosario<\/a><\/span><a href=\"https:\/\/www.rosarioalerta.com.ar\/site\/archivos\/tag\/rosario\" rel=\"tag\">Rosario<\/a><\/span><a href=\"https:\/\/www.rosarioalerta.com.ar\/site\/archivos\/tag\/santa-fe\" rel=\"tag\">Santa Fe<\/a> <\/div>","protected":false},"excerpt":{"rendered":"<p>Un operario de 45 a\u00f1os muri\u00f3 tras ser embestido por un autom\u00f3vil mientras se\u00f1alizaba una obra vial en pleno centro de Rosario Una ma\u00f1ana de rutina termin\u00f3 en tragedia este s\u00e1bado en la intersecci\u00f3n de las calles Uruguay y Entre R\u00edos, en la zona sur de Rosario. Un operario vial, identificado como Carlos Alberto W [&hellip;]<\/p>\n","protected":false},"author":2,"featured_media":25902,"comment_status":"open","ping_status":"open","sticky":false,"template":"","format":"standard","meta":{"_joinchat":[],"footnotes":""},"categories":[11,21,14,10],"tags":[95,55,65],"class_list":["post-25901","post","type-post","status-publish","format-standard","has-post-thumbnail","hentry","category-detenidos","category-noticias","category-policiales","category-siniestros-viales","tag-noticias-de-rosario","tag-rosario","tag-santa-fe"],"_links":{"self":[{"href":"https:\/\/www.rosarioalerta.com.ar\/site\/wp-json\/wp\/v2\/posts\/25901","targetHints":{"allow":["GET"]}}],"collection":[{"href":"https:\/\/www.rosarioalerta.com.ar\/site\/wp-json\/wp\/v2\/posts"}],"about":[{"href":"https:\/\/www.rosarioalerta.com.ar\/site\/wp-json\/wp\/v2\/types\/post"}],"author":[{"embeddable":true,"href":"https:\/\/www.rosarioalerta.com.ar\/site\/wp-json\/wp\/v2\/users\/2"}],"replies":[{"embeddable":true,"href":"https:\/\/www.rosarioalerta.com.ar\/site\/wp-json\/wp\/v2\/comments?post=25901"}],"version-history":[{"count":1,"href":"https:\/\/www.rosarioalerta.com.ar\/site\/wp-json\/wp\/v2\/posts\/25901\/revisions"}],"predecessor-version":[{"id":25903,"href":"https:\/\/www.rosarioalerta.com.ar\/site\/wp-json\/wp\/v2\/posts\/25901\/revisions\/25903"}],"wp:featuredmedia":[{"embeddable":true,"href":"https:\/\/www.rosarioalerta.com.ar\/site\/wp-json\/wp\/v2\/media\/25902"}],"wp:attachment":[{"href":"https:\/\/www.rosarioalerta.com.ar\/site\/wp-json\/wp\/v2\/media?parent=25901"}],"wp:term":[{"taxonomy":"category","embeddable":true,"href":"https:\/\/www.rosarioalerta.com.ar\/site\/wp-json\/wp\/v2\/categories?post=25901"},{"taxonomy":"post_tag","embeddable":true,"href":"https:\/\/www.rosarioalerta.com.ar\/site\/wp-json\/wp\/v2\/tags?post=25901"}],"curies":[{"name":"wp","href":"https:\/\/api.w.org\/{rel}","templated":true}]}}