{"id":25484,"date":"2025-06-01T18:47:34","date_gmt":"2025-06-01T21:47:34","guid":{"rendered":"https:\/\/www.rosarioalerta.com.ar\/site\/?p=25484"},"modified":"2025-06-01T18:49:56","modified_gmt":"2025-06-01T21:49:56","slug":"dos-detenidos-por-el-crimen-de-thiago-benitez","status":"publish","type":"post","link":"https:\/\/www.rosarioalerta.com.ar\/site\/archivos\/25484","title":{"rendered":"Dos detenidos por el crimen de Thiago Ben\u00edtez"},"content":{"rendered":"\n<p>Avanza la investigaci\u00f3n con allanamientos en <strong>Rosario y General Lagos<\/strong><\/p>\n\n\n\n<p>Allanamientos simult\u00e1neos permitieron secuestrar tel\u00e9fonos, municiones y un veh\u00edculo que ser\u00edan clave en el esclarecimiento del homicidio del joven de 16 a\u00f1os.<\/p>\n\n\n\n<p>La <strong>Polic\u00eda de Investigaciones<\/strong> (PDI) realiz\u00f3 cuatro allanamientos en <strong>Rosario y General Lagos<\/strong> en el marco de una causa por homicidio agravado por el uso de arma de fuego. El hecho investigado es el crimen de <strong>Thiago Ben\u00edtez<\/strong>, un adolescente de 16 a\u00f1os que fue asesinado en la madrugada del s\u00e1bado pasado en inmediaciones de la <strong>autopista Rosario\u2013Buenos Aires, a la altura de Alvear.<\/strong><\/p>\n\n\n\n<p>La operaci\u00f3n se desarroll\u00f3 bajo la coordinaci\u00f3n de la Fiscal\u00eda de <strong>Homicidios Dolosos<\/strong>, a cargo de Georgina Pairola, y estuvo a cargo del <strong>Departamento Operativo de la Divisi\u00f3n Homicidios<\/strong>, con el apoyo t\u00e1ctico de los grupos <strong>GTM y GIRI<\/strong>. Los procedimientos se llevaron a cabo en domicilios ubicados en <strong>Laprida al 50<\/strong> (General Lagos) y en <strong>Los Pinos al 100 bis, Pje Ipe al 6500 y Pje Orqu\u00eddea al 6500<\/strong>, de la ciudad de <strong>Rosario<\/strong>. Como resultado, fueron detenidos dos adultos \u2014identificados como <strong>Fernando R C y Silvana E. M<\/strong>\u2014 y les incautaron elementos de inter\u00e9s para la causa: 16 celulares, diversas municiones de distintos calibres, guantes de l\u00e1tex, un Chevrolet Corsa y elementos de montar.<\/p>\n\n\n\n<p>La Fiscal\u00eda orden\u00f3 el traslado de los detenidos y el an\u00e1lisis del veh\u00edculo secuestrado por parte del <strong>Gabinete Criminal\u00edstico<\/strong>. Las pruebas recolectadas ser\u00e1n clave para determinar responsabilidades y esclarecer las circunstancias del homicidio que conmocion\u00f3 a la regi\u00f3n.<\/p>\n\n\n\n<p>La investigaci\u00f3n por el asesinato de <strong>Thiago Ben\u00edtez<\/strong> avanza con pasos firmes. Las detenciones y los elementos incautados representan un avance significativo que podr\u00eda aportar claridad. La intervenci\u00f3n coordinada de la PDI y el Ministerio P\u00fablico Fiscal muestra el compromiso por frenar la violencia y lograr justicia.<\/p>\n<div class=\"newspaper-x-tags\"><strong>TAGS: <\/strong><span><a href=\"https:\/\/www.rosarioalerta.com.ar\/site\/archivos\/tag\/gral-lagos\" rel=\"tag\">Gral Lagos<\/a><\/span><a href=\"https:\/\/www.rosarioalerta.com.ar\/site\/archivos\/tag\/noticias-de-gral-lagos\" rel=\"tag\">Noticias de Gral Lagos<\/a><\/span><a href=\"https:\/\/www.rosarioalerta.com.ar\/site\/archivos\/tag\/noticias-de-rosario\" rel=\"tag\">Noticias de Rosario<\/a><\/span><a href=\"https:\/\/www.rosarioalerta.com.ar\/site\/archivos\/tag\/rosario\" rel=\"tag\">Rosario<\/a><\/span><a href=\"https:\/\/www.rosarioalerta.com.ar\/site\/archivos\/tag\/santa-fe\" rel=\"tag\">Santa Fe<\/a><\/span><a href=\"https:\/\/www.rosarioalerta.com.ar\/site\/archivos\/tag\/thiago-benitez\" rel=\"tag\">Thiago Ben\u00edtez<\/a> <\/div>","protected":false},"excerpt":{"rendered":"<p>Avanza la investigaci\u00f3n con allanamientos en Rosario y General Lagos Allanamientos simult\u00e1neos permitieron secuestrar tel\u00e9fonos, municiones y un veh\u00edculo que ser\u00edan clave en el esclarecimiento del homicidio del joven de 16 a\u00f1os. La Polic\u00eda de Investigaciones (PDI) realiz\u00f3 cuatro allanamientos en Rosario y General Lagos en el marco de una causa por homicidio agravado por [&hellip;]<\/p>\n","protected":false},"author":2,"featured_media":25485,"comment_status":"open","ping_status":"open","sticky":false,"template":"","format":"standard","meta":{"_joinchat":[],"footnotes":""},"categories":[12,11,6,21,14],"tags":[317,318,95,55,65,1522],"class_list":["post-25484","post","type-post","status-publish","format-standard","has-post-thumbnail","hentry","category-allanamientos","category-detenidos","category-homicidios","category-noticias","category-policiales","tag-gral-lagos","tag-noticias-de-gral-lagos","tag-noticias-de-rosario","tag-rosario","tag-santa-fe","tag-thiago-benitez"],"_links":{"self":[{"href":"https:\/\/www.rosarioalerta.com.ar\/site\/wp-json\/wp\/v2\/posts\/25484","targetHints":{"allow":["GET"]}}],"collection":[{"href":"https:\/\/www.rosarioalerta.com.ar\/site\/wp-json\/wp\/v2\/posts"}],"about":[{"href":"https:\/\/www.rosarioalerta.com.ar\/site\/wp-json\/wp\/v2\/types\/post"}],"author":[{"embeddable":true,"href":"https:\/\/www.rosarioalerta.com.ar\/site\/wp-json\/wp\/v2\/users\/2"}],"replies":[{"embeddable":true,"href":"https:\/\/www.rosarioalerta.com.ar\/site\/wp-json\/wp\/v2\/comments?post=25484"}],"version-history":[{"count":1,"href":"https:\/\/www.rosarioalerta.com.ar\/site\/wp-json\/wp\/v2\/posts\/25484\/revisions"}],"predecessor-version":[{"id":25486,"href":"https:\/\/www.rosarioalerta.com.ar\/site\/wp-json\/wp\/v2\/posts\/25484\/revisions\/25486"}],"wp:featuredmedia":[{"embeddable":true,"href":"https:\/\/www.rosarioalerta.com.ar\/site\/wp-json\/wp\/v2\/media\/25485"}],"wp:attachment":[{"href":"https:\/\/www.rosarioalerta.com.ar\/site\/wp-json\/wp\/v2\/media?parent=25484"}],"wp:term":[{"taxonomy":"category","embeddable":true,"href":"https:\/\/www.rosarioalerta.com.ar\/site\/wp-json\/wp\/v2\/categories?post=25484"},{"taxonomy":"post_tag","embeddable":true,"href":"https:\/\/www.rosarioalerta.com.ar\/site\/wp-json\/wp\/v2\/tags?post=25484"}],"curies":[{"name":"wp","href":"https:\/\/api.w.org\/{rel}","templated":true}]}}