{"id":25405,"date":"2025-05-29T07:11:11","date_gmt":"2025-05-29T10:11:11","guid":{"rendered":"https:\/\/www.rosarioalerta.com.ar\/site\/?p=25405"},"modified":"2025-05-29T07:11:12","modified_gmt":"2025-05-29T10:11:12","slug":"siniestro-fatal-sobre-la-ruta-nacional-34","status":"publish","type":"post","link":"https:\/\/www.rosarioalerta.com.ar\/site\/archivos\/25405","title":{"rendered":"Siniestro fatal sobre la Ruta Nacional 34"},"content":{"rendered":"\n<p><\/p>\n\n\n\n<p>Un joven motociclista perdi\u00f3 la vida tras ser embestido por un cami\u00f3n y un auto<\/p>\n\n\n\n<p>El hecho ocurri\u00f3 en la noche del mi\u00e9rcoles en el tramo de la <strong>Ruta Nacional 34 y Los Ceibos, a la altura de Ibarlucea<\/strong>. La v\u00edctima, de 21 a\u00f1os, muri\u00f3 en el acto. El conductor del cami\u00f3n fue imputado por homicidio culposo.<\/p>\n\n\n\n<p>Un tr\u00e1gico siniestro vial, sacudi\u00f3 la noche de este mi\u00e9rcoles, en <strong>Ibarlucea<\/strong>, cuando un joven motociclista, identificado como <strong>Ramiro Javier Pastorini<\/strong>, <strong>de 21 a\u00f1os<\/strong>, falleci\u00f3 luego de ser embestido por un cami\u00f3n y posteriormente por un autom\u00f3vil que no logr\u00f3 esquivarlo. El siniestro tuvo lugar en el <strong>kil\u00f3metro 10\/11 de la Ruta Nacional 34<\/strong>, en jurisdicci\u00f3n de la <strong>Sub Comisar\u00eda 17\u00ba<\/strong>.<\/p>\n\n\n\n<p>Personal policial fue comisionado al lugar cerca de las 23 y al arribar, encontraron una escena desoladora: una motocicleta atrapada debajo del frente de una VW Suran, un cuerpo sin vida sobre la calzada y a pocos metros, un cami\u00f3n detenido. El conductor de este \u00faltimo, identificado como <strong>C\u00e9sar Iv\u00e1n C de 29 a\u00f1os, oriundo de Villa Mar\u00eda<\/strong>, C\u00f3rdoba, explic\u00f3 que circulaba en direcci\u00f3n sur cuando la moto impact\u00f3 contra su veh\u00edculo.<\/p>\n\n\n\n<p>Minutos despu\u00e9s, el conductor del auto, <strong>Claudio Enrique A de 54 a\u00f1os<\/strong>, tambi\u00e9n relat\u00f3 que avanzaba por la misma ruta cuando vio que los camiones comenzaron a detener la marcha. Fue entonces que se encontr\u00f3 con la motocicleta en el asfalto y sin margen para maniobrar, termin\u00f3 impactando.<\/p>\n\n\n\n<p>Al lugar lleg\u00f3 el padre de la v\u00edctima, quien confirm\u00f3 su identidad. La fiscal de turno, Dra. Prunotto, dispuso que se le forme causa al conductor del cami\u00f3n por homicidio culposo en accidente de tr\u00e1nsito. El cami\u00f3n fue secuestrado para pericias.<\/p>\n\n\n\n<p>La tragedia vuelve a poner en evidencia los peligros constantes en rutas nacionales y la necesidad de mejorar la se\u00f1alizaci\u00f3n, los controles y la prevenci\u00f3n. Una familia llora a un joven, mientras la Justicia comienza a investigar responsabilidades.<\/p>\n<div class=\"newspaper-x-tags\"><strong>TAGS: <\/strong><span><a href=\"https:\/\/www.rosarioalerta.com.ar\/site\/archivos\/tag\/noticias-de-rosario\" rel=\"tag\">Noticias de Rosario<\/a><\/span><a href=\"https:\/\/www.rosarioalerta.com.ar\/site\/archivos\/tag\/rosario\" rel=\"tag\">Rosario<\/a><\/span><a href=\"https:\/\/www.rosarioalerta.com.ar\/site\/archivos\/tag\/santa-fe\" rel=\"tag\">Santa Fe<\/a> <\/div>","protected":false},"excerpt":{"rendered":"<p>Un joven motociclista perdi\u00f3 la vida tras ser embestido por un cami\u00f3n y un auto El hecho ocurri\u00f3 en la noche del mi\u00e9rcoles en el tramo de la Ruta Nacional 34 y Los Ceibos, a la altura de Ibarlucea. La v\u00edctima, de 21 a\u00f1os, muri\u00f3 en el acto. El conductor del cami\u00f3n fue imputado por [&hellip;]<\/p>\n","protected":false},"author":2,"featured_media":25406,"comment_status":"open","ping_status":"open","sticky":false,"template":"","format":"standard","meta":{"_joinchat":[],"footnotes":""},"categories":[21,14,10],"tags":[95,55,65],"class_list":["post-25405","post","type-post","status-publish","format-standard","has-post-thumbnail","hentry","category-noticias","category-policiales","category-siniestros-viales","tag-noticias-de-rosario","tag-rosario","tag-santa-fe"],"_links":{"self":[{"href":"https:\/\/www.rosarioalerta.com.ar\/site\/wp-json\/wp\/v2\/posts\/25405","targetHints":{"allow":["GET"]}}],"collection":[{"href":"https:\/\/www.rosarioalerta.com.ar\/site\/wp-json\/wp\/v2\/posts"}],"about":[{"href":"https:\/\/www.rosarioalerta.com.ar\/site\/wp-json\/wp\/v2\/types\/post"}],"author":[{"embeddable":true,"href":"https:\/\/www.rosarioalerta.com.ar\/site\/wp-json\/wp\/v2\/users\/2"}],"replies":[{"embeddable":true,"href":"https:\/\/www.rosarioalerta.com.ar\/site\/wp-json\/wp\/v2\/comments?post=25405"}],"version-history":[{"count":1,"href":"https:\/\/www.rosarioalerta.com.ar\/site\/wp-json\/wp\/v2\/posts\/25405\/revisions"}],"predecessor-version":[{"id":25407,"href":"https:\/\/www.rosarioalerta.com.ar\/site\/wp-json\/wp\/v2\/posts\/25405\/revisions\/25407"}],"wp:featuredmedia":[{"embeddable":true,"href":"https:\/\/www.rosarioalerta.com.ar\/site\/wp-json\/wp\/v2\/media\/25406"}],"wp:attachment":[{"href":"https:\/\/www.rosarioalerta.com.ar\/site\/wp-json\/wp\/v2\/media?parent=25405"}],"wp:term":[{"taxonomy":"category","embeddable":true,"href":"https:\/\/www.rosarioalerta.com.ar\/site\/wp-json\/wp\/v2\/categories?post=25405"},{"taxonomy":"post_tag","embeddable":true,"href":"https:\/\/www.rosarioalerta.com.ar\/site\/wp-json\/wp\/v2\/tags?post=25405"}],"curies":[{"name":"wp","href":"https:\/\/api.w.org\/{rel}","templated":true}]}}