{"id":25329,"date":"2025-05-25T14:11:25","date_gmt":"2025-05-25T17:11:25","guid":{"rendered":"https:\/\/www.rosarioalerta.com.ar\/site\/?p=25329"},"modified":"2025-05-25T14:11:27","modified_gmt":"2025-05-25T17:11:27","slug":"choque-multiple-sobre-la-autopista","status":"publish","type":"post","link":"https:\/\/www.rosarioalerta.com.ar\/site\/archivos\/25329","title":{"rendered":"Choque m\u00faltiple sobre la autopista"},"content":{"rendered":"\n<p>Fue a la altura de Capit\u00e1n Berm\u00fadez, hubo un auto volcado y heridos<\/p>\n\n\n\n<p>Un siniestro vial de magnitud se registr\u00f3 en la ma\u00f1ana del domingo en la autopista <strong>AP01<\/strong> (Rosario \u2013 Santa Fe) a la altura de <strong>Capit\u00e1n Berm\u00fadez<\/strong>. El hecho involucr\u00f3 a varios veh\u00edculos, uno de los cuales volc\u00f3 y dej\u00f3 personas atrapadas. <strong>Bomberos<\/strong> y equipos de rescate trabajaron en el lugar.<\/p>\n\n\n\n<p>Este domingo por la ma\u00f1ana, cerca de las 9, se produjo un siniestro m\u00faltiple en el <strong>kil\u00f3metro 7<\/strong> de la traza, en sentido hacia <strong>Rosario<\/strong>, en jurisdicci\u00f3n de <strong>Capit\u00e1n Berm\u00fadez<\/strong>. El hecho, que involucr\u00f3 al menos un veh\u00edculo volcado, gener\u00f3 momentos de tensi\u00f3n debido a que se reportaron personas atrapadas en su interior.<\/p>\n\n\n\n<p>Seg\u00fan informaron fuentes oficiales del despacho, las primeras alertas fueron emitidas a trav\u00e9s del sistema de frecuencia por personal de Seguridad Vial y de la unidad m\u00e9dica. De inmediato, activaron el protocolo de emergencia y se comision\u00f3 a los bomberos de la zona para asistir en el rescate de los afectados.<\/p>\n\n\n\n<p>El siniestro provoc\u00f3 demoras en el tr\u00e1nsito y congestionamientos en el tramo afectado de la autopista. Las autoridades trabajaron para liberar la v\u00eda y trasladar a los heridos a centros de salud de la regi\u00f3n. Hasta el momento, no se confirmaron v\u00edctimas fatales, pero s\u00ed se constat\u00f3 que algunos ocupantes sufrieron lesiones de distinta gravedad.<\/p>\n\n\n\n<p>Los peritajes en el lugar buscan determinar las causas del accidente, aunque no se descarta que la escasa visibilidad por neblina y el exceso de velocidad hayan sido factores determinantes. Tambi\u00e9n se investiga si hubo fallas mec\u00e1nicas o maniobras imprudentes entre los veh\u00edculos involucrados.<\/p>\n<div class=\"newspaper-x-tags\"><strong>TAGS: <\/strong><span><a href=\"https:\/\/www.rosarioalerta.com.ar\/site\/archivos\/tag\/noticias-de-rosario\" rel=\"tag\">Noticias de Rosario<\/a><\/span><a href=\"https:\/\/www.rosarioalerta.com.ar\/site\/archivos\/tag\/rosario\" rel=\"tag\">Rosario<\/a><\/span><a href=\"https:\/\/www.rosarioalerta.com.ar\/site\/archivos\/tag\/santa-fe\" rel=\"tag\">Santa Fe<\/a> <\/div>","protected":false},"excerpt":{"rendered":"<p>Fue a la altura de Capit\u00e1n Berm\u00fadez, hubo un auto volcado y heridos Un siniestro vial de magnitud se registr\u00f3 en la ma\u00f1ana del domingo en la autopista AP01 (Rosario \u2013 Santa Fe) a la altura de Capit\u00e1n Berm\u00fadez. El hecho involucr\u00f3 a varios veh\u00edculos, uno de los cuales volc\u00f3 y dej\u00f3 personas atrapadas. Bomberos [&hellip;]<\/p>\n","protected":false},"author":2,"featured_media":25330,"comment_status":"open","ping_status":"open","sticky":false,"template":"","format":"standard","meta":{"_joinchat":[],"footnotes":""},"categories":[21,14,10],"tags":[95,55,65],"class_list":["post-25329","post","type-post","status-publish","format-standard","has-post-thumbnail","hentry","category-noticias","category-policiales","category-siniestros-viales","tag-noticias-de-rosario","tag-rosario","tag-santa-fe"],"_links":{"self":[{"href":"https:\/\/www.rosarioalerta.com.ar\/site\/wp-json\/wp\/v2\/posts\/25329","targetHints":{"allow":["GET"]}}],"collection":[{"href":"https:\/\/www.rosarioalerta.com.ar\/site\/wp-json\/wp\/v2\/posts"}],"about":[{"href":"https:\/\/www.rosarioalerta.com.ar\/site\/wp-json\/wp\/v2\/types\/post"}],"author":[{"embeddable":true,"href":"https:\/\/www.rosarioalerta.com.ar\/site\/wp-json\/wp\/v2\/users\/2"}],"replies":[{"embeddable":true,"href":"https:\/\/www.rosarioalerta.com.ar\/site\/wp-json\/wp\/v2\/comments?post=25329"}],"version-history":[{"count":1,"href":"https:\/\/www.rosarioalerta.com.ar\/site\/wp-json\/wp\/v2\/posts\/25329\/revisions"}],"predecessor-version":[{"id":25331,"href":"https:\/\/www.rosarioalerta.com.ar\/site\/wp-json\/wp\/v2\/posts\/25329\/revisions\/25331"}],"wp:featuredmedia":[{"embeddable":true,"href":"https:\/\/www.rosarioalerta.com.ar\/site\/wp-json\/wp\/v2\/media\/25330"}],"wp:attachment":[{"href":"https:\/\/www.rosarioalerta.com.ar\/site\/wp-json\/wp\/v2\/media?parent=25329"}],"wp:term":[{"taxonomy":"category","embeddable":true,"href":"https:\/\/www.rosarioalerta.com.ar\/site\/wp-json\/wp\/v2\/categories?post=25329"},{"taxonomy":"post_tag","embeddable":true,"href":"https:\/\/www.rosarioalerta.com.ar\/site\/wp-json\/wp\/v2\/tags?post=25329"}],"curies":[{"name":"wp","href":"https:\/\/api.w.org\/{rel}","templated":true}]}}