{"id":25179,"date":"2025-05-19T18:17:57","date_gmt":"2025-05-19T21:17:57","guid":{"rendered":"https:\/\/www.rosarioalerta.com.ar\/site\/?p=25179"},"modified":"2025-05-19T18:32:50","modified_gmt":"2025-05-19T21:32:50","slug":"jornada-tragica-en-rosario","status":"publish","type":"post","link":"https:\/\/www.rosarioalerta.com.ar\/site\/archivos\/25179","title":{"rendered":"Jornada tr\u00e1gica en Rosario"},"content":{"rendered":"\n<p>Un muerto en un siniestro vial y un herido grave en accidente laboral<\/p>\n\n\n\n<p>Este lunes al mediod\u00eda, dos hechos conmocionaron a Rosario: un accidente de tr\u00e1nsito con saldo fatal en Circunvalaci\u00f3n y otro grave incidente laboral en un taller de zona sur. Ambos casos son investigados por la Justicia.<\/p>\n\n\n\n<p>El primero ocurri\u00f3 cerca de las 10:45 en un taller mec\u00e1nico ubicado en <strong>Lamadrid al 100<\/strong>. Seg\u00fan informaron fuentes policiales, un empleado se encontraba trabajando bajo el chasis de un <strong>cami\u00f3n Scania<\/strong> cuando el gato hidr\u00e1ulico que lo sosten\u00eda cedi\u00f3, y una parte de la estructura <strong>cay\u00f3 sobre su abdomen<\/strong>. El hombre fue r\u00e1pidamente auxiliado por un compa\u00f1ero, quien logr\u00f3 levantar el veh\u00edculo con otro gato. El herido fue atendido por personal del <strong>SIES<\/strong>, que diagnostic\u00f3 un traumatismo cerrado de abdomen de gravedad y dispuso su traslado inmediato al <strong>Hospital de Emergencias Clemente \u00c1lvarez (HECA), <\/strong>donde permanece internado con pron\u00f3stico reservado<strong>.<\/strong> La Fiscal\u00eda de Homicidios Culposos, a cargo de la <strong>Dra. Piazza Iglesias<\/strong>, tom\u00f3 intervenci\u00f3n en el caso.<\/p>\n\n\n\n<p>Poco despu\u00e9s, antes de las 13, las <strong>c\u00e1maras del 911<\/strong> detectaron un choque entre una <strong>Volkswagen Amarok y un Fiat Cronos<\/strong> (<strong>taxi<\/strong>) en la intersecci\u00f3n de <strong>Circunvalaci\u00f3n y Ayacucho<\/strong>. El impacto dej\u00f3 atrapado al chofer del taxi, identificado como <strong>Mario Oscar J<\/strong>, quien sufri\u00f3 lesiones graves y fue trasladado al <strong>HECA<\/strong>. Sin embargo, la pasajera del veh\u00edculo falleci\u00f3 en el acto y hasta el momento no se ha podido confirmar su identidad. Bomberos, polic\u00edas y personal m\u00e9dico trabajaron en el lugar.<\/p>\n\n\n\n<figure class=\"wp-block-embed is-type-rich is-provider-twitter wp-block-embed-twitter\"><div class=\"wp-block-embed__wrapper\">\n<div class=\"newspaper-x-video-container\"><blockquote class=\"twitter-tweet\" data-width=\"550\" data-dnt=\"true\"><p lang=\"en\" dir=\"ltr\">Terrible.\ud83d\ude4f\ud83d\ude4f <a href=\"https:\/\/t.co\/JLA7oYLAvC\">pic.twitter.com\/JLA7oYLAvC<\/a><\/p>&mdash; VIVIR LA VIDA (@VIVIRLAVIDA6512) <a href=\"https:\/\/twitter.com\/VIVIRLAVIDA6512\/status\/1924514354214375555?ref_src=twsrc%5Etfw\">May 19, 2025<\/a><\/blockquote><script async src=\"https:\/\/platform.twitter.com\/widgets.js\" charset=\"utf-8\"><\/script><\/div>\n<\/div><\/figure>\n\n\n\n<p>Ambos episodios reflejan la urgencia de fortalecer medidas de prevenci\u00f3n, tanto en el \u00e1mbito laboral como en la v\u00eda p\u00fablica. Mientras la Justicia avanza en la investigaci\u00f3n de estos hechos, las v\u00edctimas y sus familias afrontan las consecuencias m\u00e1s duras de una jornada marcada por el dolor.<\/p>\n<div class=\"newspaper-x-tags\"><strong>TAGS: <\/strong><span><a href=\"https:\/\/www.rosarioalerta.com.ar\/site\/archivos\/tag\/noticias-de-rosario\" rel=\"tag\">Noticias de Rosario<\/a><\/span><a href=\"https:\/\/www.rosarioalerta.com.ar\/site\/archivos\/tag\/rosario\" rel=\"tag\">Rosario<\/a><\/span><a href=\"https:\/\/www.rosarioalerta.com.ar\/site\/archivos\/tag\/santa-fe\" rel=\"tag\">Santa Fe<\/a> <\/div>","protected":false},"excerpt":{"rendered":"<p>Un muerto en un siniestro vial y un herido grave en accidente laboral Este lunes al mediod\u00eda, dos hechos conmocionaron a Rosario: un accidente de tr\u00e1nsito con saldo fatal en Circunvalaci\u00f3n y otro grave incidente laboral en un taller de zona sur. Ambos casos son investigados por la Justicia. El primero ocurri\u00f3 cerca de las [&hellip;]<\/p>\n","protected":false},"author":2,"featured_media":25180,"comment_status":"open","ping_status":"open","sticky":false,"template":"","format":"standard","meta":{"_joinchat":[],"footnotes":""},"categories":[17,21,14,10],"tags":[95,55,65],"class_list":["post-25179","post","type-post","status-publish","format-standard","has-post-thumbnail","hentry","category-heridos","category-noticias","category-policiales","category-siniestros-viales","tag-noticias-de-rosario","tag-rosario","tag-santa-fe"],"_links":{"self":[{"href":"https:\/\/www.rosarioalerta.com.ar\/site\/wp-json\/wp\/v2\/posts\/25179","targetHints":{"allow":["GET"]}}],"collection":[{"href":"https:\/\/www.rosarioalerta.com.ar\/site\/wp-json\/wp\/v2\/posts"}],"about":[{"href":"https:\/\/www.rosarioalerta.com.ar\/site\/wp-json\/wp\/v2\/types\/post"}],"author":[{"embeddable":true,"href":"https:\/\/www.rosarioalerta.com.ar\/site\/wp-json\/wp\/v2\/users\/2"}],"replies":[{"embeddable":true,"href":"https:\/\/www.rosarioalerta.com.ar\/site\/wp-json\/wp\/v2\/comments?post=25179"}],"version-history":[{"count":2,"href":"https:\/\/www.rosarioalerta.com.ar\/site\/wp-json\/wp\/v2\/posts\/25179\/revisions"}],"predecessor-version":[{"id":25186,"href":"https:\/\/www.rosarioalerta.com.ar\/site\/wp-json\/wp\/v2\/posts\/25179\/revisions\/25186"}],"wp:featuredmedia":[{"embeddable":true,"href":"https:\/\/www.rosarioalerta.com.ar\/site\/wp-json\/wp\/v2\/media\/25180"}],"wp:attachment":[{"href":"https:\/\/www.rosarioalerta.com.ar\/site\/wp-json\/wp\/v2\/media?parent=25179"}],"wp:term":[{"taxonomy":"category","embeddable":true,"href":"https:\/\/www.rosarioalerta.com.ar\/site\/wp-json\/wp\/v2\/categories?post=25179"},{"taxonomy":"post_tag","embeddable":true,"href":"https:\/\/www.rosarioalerta.com.ar\/site\/wp-json\/wp\/v2\/tags?post=25179"}],"curies":[{"name":"wp","href":"https:\/\/api.w.org\/{rel}","templated":true}]}}