{"id":25135,"date":"2025-05-18T10:23:32","date_gmt":"2025-05-18T13:23:32","guid":{"rendered":"https:\/\/www.rosarioalerta.com.ar\/site\/?p=25135"},"modified":"2025-05-18T10:23:33","modified_gmt":"2025-05-18T13:23:33","slug":"nuevas-disposiciones-en-la-ley-de-transito","status":"publish","type":"post","link":"https:\/\/www.rosarioalerta.com.ar\/site\/archivos\/25135","title":{"rendered":"Nuevas disposiciones en la Ley de Tr\u00e1nsito"},"content":{"rendered":"\n<p>C\u00f3mo impactan en Santa Fe, a partir desde el lunes<\/p>\n\n\n\n<p>Desde este lunes, comienzan a regir cambios en el sistema de licencias de conducir en todo el pa\u00eds. En Santa Fe, sin embargo, las renovaciones seguir\u00e1n siendo presenciales y con nuevas exigencias para conductores profesionales.<\/p>\n\n\n\n<p>El <strong>Gobierno Nacional<\/strong> introdujo modificaciones a la <strong>Ley de Tr\u00e1nsito y Seguridad Vial,<\/strong> las cuales impactan de forma diferenciada en cada provincia. En Santa Fe, la <strong>Agencia Provincial de Seguridad Vial<\/strong> (APSV) confirm\u00f3 que la adhesi\u00f3n ser\u00e1 parcial y que las licencias particulares mantendr\u00e1n su modalidad de renovaci\u00f3n presencial.<\/p>\n\n\n\n<p>A diferencia del esquema nacional que permite renovar licencias de manera online mediante un certificado m\u00e9dico, la provincia decidi\u00f3 no adherir a ese cambio. La <strong>APSV<\/strong> argumenta que el proceso presencial garantiza una evaluaci\u00f3n m\u00e1s rigurosa del estado f\u00edsico y psicol\u00f3gico del conductor. \u201cLa seguridad vial empieza por validar esas condiciones en forma directa y profesional\u201d, explic\u00f3 <strong>Carlos Torres<\/strong>, titular del organismo.<\/p>\n\n\n\n<p>En cuanto a los conductores profesionales, entra en vigencia una nueva figura: la <strong>Licencia Provincial Interjurisdiccional<\/strong>. Sustituye a la antigua LINTI (Licencia Nacional de Transporte Interjurisdiccional) y ser\u00e1 gestionada exclusivamente en los Centros de Emisi\u00f3n de Licencias habilitados. Este nuevo permiso es obligatorio para quienes transporten carga o pasajeros entre provincias, pero no ser\u00e1 requerido para transportes urbanos como taxis o colectivos que operen dentro de Santa Fe.<\/p>\n\n\n\n<p>Las <strong>clases C, D y E<\/strong> de licencias profesionales ahora ser\u00e1n consideradas interjurisdiccionales, mientras que las <strong>D1 y D2<\/strong>, destinadas al transporte dentro de la provincia, llevar\u00e1n una leyenda que las identifica como \u201cJurisdiccionales Provinciales\u201d.<\/p>\n\n\n\n<p>En <strong>relaci\u00f3n a su validez<\/strong>, se <strong>mantendr\u00e1n los plazos vigentes<\/strong>: dos a\u00f1os para personas entre 21 y 45 a\u00f1os, y un a\u00f1o para quienes tengan m\u00e1s de 46. Estos criterios fueron coordinados con las provincias vecinas de C\u00f3rdoba y Entre R\u00edos, en el marco de una estrategia conjunta de la Regi\u00f3n Centro.<\/p>\n\n\n\n<p>En resumen, Santa Fe <strong>conserva su modelo<\/strong> de <strong>evaluaci\u00f3n presencial<\/strong> para licencias particulares y asume un rol activo en la regulaci\u00f3n del transporte interjurisdiccional, reafirmando su compromiso con una seguridad vial sustentada en controles estrictos y presenciales.<\/p>\n<div class=\"newspaper-x-tags\"><strong>TAGS: <\/strong><span><a href=\"https:\/\/www.rosarioalerta.com.ar\/site\/archivos\/tag\/agencia-provincial-de-seguridad-vial-apsv\" rel=\"tag\">Agencia Provincial de Seguridad Vial (APSV)<\/a><\/span><a href=\"https:\/\/www.rosarioalerta.com.ar\/site\/archivos\/tag\/ley-de-transito\" rel=\"tag\">Ley de Tr\u00e1nsito<\/a><\/span><a href=\"https:\/\/www.rosarioalerta.com.ar\/site\/archivos\/tag\/noticias-de-rosario\" rel=\"tag\">Noticias de Rosario<\/a><\/span><a href=\"https:\/\/www.rosarioalerta.com.ar\/site\/archivos\/tag\/rosario\" rel=\"tag\">Rosario<\/a><\/span><a href=\"https:\/\/www.rosarioalerta.com.ar\/site\/archivos\/tag\/santa-fe\" rel=\"tag\">Santa Fe<\/a> <\/div>","protected":false},"excerpt":{"rendered":"<p>C\u00f3mo impactan en Santa Fe, a partir desde el lunes Desde este lunes, comienzan a regir cambios en el sistema de licencias de conducir en todo el pa\u00eds. En Santa Fe, sin embargo, las renovaciones seguir\u00e1n siendo presenciales y con nuevas exigencias para conductores profesionales. El Gobierno Nacional introdujo modificaciones a la Ley de Tr\u00e1nsito [&hellip;]<\/p>\n","protected":false},"author":2,"featured_media":25136,"comment_status":"open","ping_status":"open","sticky":false,"template":"","format":"standard","meta":{"_joinchat":[],"footnotes":""},"categories":[18,21,19],"tags":[1500,1499,95,55,65],"class_list":["post-25135","post","type-post","status-publish","format-standard","has-post-thumbnail","hentry","category-institucional","category-noticias","category-seguridad-vial","tag-agencia-provincial-de-seguridad-vial-apsv","tag-ley-de-transito","tag-noticias-de-rosario","tag-rosario","tag-santa-fe"],"_links":{"self":[{"href":"https:\/\/www.rosarioalerta.com.ar\/site\/wp-json\/wp\/v2\/posts\/25135","targetHints":{"allow":["GET"]}}],"collection":[{"href":"https:\/\/www.rosarioalerta.com.ar\/site\/wp-json\/wp\/v2\/posts"}],"about":[{"href":"https:\/\/www.rosarioalerta.com.ar\/site\/wp-json\/wp\/v2\/types\/post"}],"author":[{"embeddable":true,"href":"https:\/\/www.rosarioalerta.com.ar\/site\/wp-json\/wp\/v2\/users\/2"}],"replies":[{"embeddable":true,"href":"https:\/\/www.rosarioalerta.com.ar\/site\/wp-json\/wp\/v2\/comments?post=25135"}],"version-history":[{"count":1,"href":"https:\/\/www.rosarioalerta.com.ar\/site\/wp-json\/wp\/v2\/posts\/25135\/revisions"}],"predecessor-version":[{"id":25137,"href":"https:\/\/www.rosarioalerta.com.ar\/site\/wp-json\/wp\/v2\/posts\/25135\/revisions\/25137"}],"wp:featuredmedia":[{"embeddable":true,"href":"https:\/\/www.rosarioalerta.com.ar\/site\/wp-json\/wp\/v2\/media\/25136"}],"wp:attachment":[{"href":"https:\/\/www.rosarioalerta.com.ar\/site\/wp-json\/wp\/v2\/media?parent=25135"}],"wp:term":[{"taxonomy":"category","embeddable":true,"href":"https:\/\/www.rosarioalerta.com.ar\/site\/wp-json\/wp\/v2\/categories?post=25135"},{"taxonomy":"post_tag","embeddable":true,"href":"https:\/\/www.rosarioalerta.com.ar\/site\/wp-json\/wp\/v2\/tags?post=25135"}],"curies":[{"name":"wp","href":"https:\/\/api.w.org\/{rel}","templated":true}]}}