{"id":25129,"date":"2025-05-17T19:55:45","date_gmt":"2025-05-17T22:55:45","guid":{"rendered":"https:\/\/www.rosarioalerta.com.ar\/site\/?p=25129"},"modified":"2025-05-17T20:01:23","modified_gmt":"2025-05-17T23:01:23","slug":"choque-una-fuga-y-una-persecucion-en-pleno-centro","status":"publish","type":"post","link":"https:\/\/www.rosarioalerta.com.ar\/site\/archivos\/25129","title":{"rendered":"Choque, una fuga y una persecuci\u00f3n en pleno centro"},"content":{"rendered":"\n<p>Una discusi\u00f3n absurda termin\u00f3 en fuga, gritos, sirenas y un hombre herido<\/p>\n\n\n\n<p>Aparentemente el hecho se habr\u00eda originado por una discusi\u00f3n de tr\u00e1nsito y deriv\u00f3 en una situaci\u00f3n de tensi\u00f3n este s\u00e1bado en pleno centro rosarino, dejando como saldo una persona herida y dos hombres detenidos tras intentar escapar en un veh\u00edculo. El incidente ocurri\u00f3 alrededor de las 13.30, sobre calle <strong>Corrientes entre Santa Fe y C\u00f3rdoba<\/strong>.<\/p>\n\n\n\n<figure class=\"wp-block-embed is-type-rich is-provider-twitter wp-block-embed-twitter\"><div class=\"wp-block-embed__wrapper\">\n<div class=\"newspaper-x-video-container\"><blockquote class=\"twitter-tweet\" data-width=\"550\" data-dnt=\"true\"><p lang=\"es\" dir=\"ltr\">\ud83d\udea8 Disputa de tr\u00e1nsito en pleno centro termin\u00f3 con una fuga y dos detenidos \ud83d\ude97\ud83d\udca5. Un hombre result\u00f3 herido y fue derivado al Sanatorio Parque. Todo ocurri\u00f3 este s\u00e1bado al mediod\u00eda en Corrientes y C\u00f3rdoba. \ud83d\udcf0\ud83d\udc47 <a href=\"https:\/\/t.co\/fZuFUMLoRP\">https:\/\/t.co\/fZuFUMLoRP<\/a> a trav\u00e9s de <a href=\"https:\/\/twitter.com\/RosarioAlerta?ref_src=twsrc%5Etfw\">@RosarioAlerta<\/a> <a href=\"https:\/\/t.co\/gn1IKGeQEy\">pic.twitter.com\/gn1IKGeQEy<\/a><\/p>&mdash; Rosario Alerta (@RosarioAlerta) <a href=\"https:\/\/twitter.com\/RosarioAlerta\/status\/1923876381592633490?ref_src=twsrc%5Etfw\">May 17, 2025<\/a><\/blockquote><script async src=\"https:\/\/platform.twitter.com\/widgets.js\" charset=\"utf-8\"><\/script><\/div>\n<\/div><\/figure>\n\n\n\n<p>Seg\u00fan fuentes policiales, todo comenz\u00f3 con una discusi\u00f3n entre dos conductores. En medio del altercado, uno de ellos se subi\u00f3 a un auto \u2014un Chevrolet 400 rojo\u2014 y al intentar retirarse del lugar, habr\u00eda colisionado con al menos una persona que se encontraba en las inmediaciones. Alertado por la situaci\u00f3n, personal de la <strong>Brigada Motorizada<\/strong> inici\u00f3 la b\u00fasqueda del veh\u00edculo involucrado.<\/p>\n\n\n\n<p>Minutos m\u00e1s tarde, la polic\u00eda logra localizar al autom\u00f3vil en <strong>Santa Fe al 1600<\/strong>. Un hombre presentaba una lesi\u00f3n en la pierna izquierda, aunque se encontraba fuera de peligro. Fue atendido en el lugar y posteriormente trasladado al <strong>Sanatorio Parque<\/strong> para una mejor evaluaci\u00f3n m\u00e9dica.<\/p>\n\n\n\n<p>Todo termin\u00f3 con la aprehensi\u00f3n de dos personas vinculadas al hecho. Fuentes oficiales indicaron que la secuencia habr\u00eda comenzado con un altercado verbal que escal\u00f3 hasta convertirse en una situaci\u00f3n de riesgo para transe\u00fantes y ocupantes del lugar.<\/p>\n\n\n\n<p>Las actuaciones quedaron a cargo de la <strong>Comisar\u00eda 2\u00ba<\/strong> y la investigaci\u00f3n contin\u00faa para determinar las responsabilidades de los involucrados.<\/p>\n<div class=\"newspaper-x-tags\"><strong>TAGS: <\/strong><span><a href=\"https:\/\/www.rosarioalerta.com.ar\/site\/archivos\/tag\/noticias-de-rosario\" rel=\"tag\">Noticias de Rosario<\/a><\/span><a href=\"https:\/\/www.rosarioalerta.com.ar\/site\/archivos\/tag\/rosario\" rel=\"tag\">Rosario<\/a><\/span><a href=\"https:\/\/www.rosarioalerta.com.ar\/site\/archivos\/tag\/santa-fe\" rel=\"tag\">Santa Fe<\/a> <\/div>","protected":false},"excerpt":{"rendered":"<p>Una discusi\u00f3n absurda termin\u00f3 en fuga, gritos, sirenas y un hombre herido Aparentemente el hecho se habr\u00eda originado por una discusi\u00f3n de tr\u00e1nsito y deriv\u00f3 en una situaci\u00f3n de tensi\u00f3n este s\u00e1bado en pleno centro rosarino, dejando como saldo una persona herida y dos hombres detenidos tras intentar escapar en un veh\u00edculo. El incidente ocurri\u00f3 [&hellip;]<\/p>\n","protected":false},"author":2,"featured_media":25130,"comment_status":"open","ping_status":"open","sticky":false,"template":"","format":"standard","meta":{"_joinchat":[],"footnotes":""},"categories":[11,17,21,14,10],"tags":[95,55,65],"class_list":["post-25129","post","type-post","status-publish","format-standard","has-post-thumbnail","hentry","category-detenidos","category-heridos","category-noticias","category-policiales","category-siniestros-viales","tag-noticias-de-rosario","tag-rosario","tag-santa-fe"],"_links":{"self":[{"href":"https:\/\/www.rosarioalerta.com.ar\/site\/wp-json\/wp\/v2\/posts\/25129","targetHints":{"allow":["GET"]}}],"collection":[{"href":"https:\/\/www.rosarioalerta.com.ar\/site\/wp-json\/wp\/v2\/posts"}],"about":[{"href":"https:\/\/www.rosarioalerta.com.ar\/site\/wp-json\/wp\/v2\/types\/post"}],"author":[{"embeddable":true,"href":"https:\/\/www.rosarioalerta.com.ar\/site\/wp-json\/wp\/v2\/users\/2"}],"replies":[{"embeddable":true,"href":"https:\/\/www.rosarioalerta.com.ar\/site\/wp-json\/wp\/v2\/comments?post=25129"}],"version-history":[{"count":2,"href":"https:\/\/www.rosarioalerta.com.ar\/site\/wp-json\/wp\/v2\/posts\/25129\/revisions"}],"predecessor-version":[{"id":25132,"href":"https:\/\/www.rosarioalerta.com.ar\/site\/wp-json\/wp\/v2\/posts\/25129\/revisions\/25132"}],"wp:featuredmedia":[{"embeddable":true,"href":"https:\/\/www.rosarioalerta.com.ar\/site\/wp-json\/wp\/v2\/media\/25130"}],"wp:attachment":[{"href":"https:\/\/www.rosarioalerta.com.ar\/site\/wp-json\/wp\/v2\/media?parent=25129"}],"wp:term":[{"taxonomy":"category","embeddable":true,"href":"https:\/\/www.rosarioalerta.com.ar\/site\/wp-json\/wp\/v2\/categories?post=25129"},{"taxonomy":"post_tag","embeddable":true,"href":"https:\/\/www.rosarioalerta.com.ar\/site\/wp-json\/wp\/v2\/tags?post=25129"}],"curies":[{"name":"wp","href":"https:\/\/api.w.org\/{rel}","templated":true}]}}