{"id":25056,"date":"2025-05-15T07:48:25","date_gmt":"2025-05-15T10:48:25","guid":{"rendered":"https:\/\/www.rosarioalerta.com.ar\/site\/?p=25056"},"modified":"2025-05-16T07:22:19","modified_gmt":"2025-05-16T10:22:19","slug":"investigan-vinculos-con-guille-cantero","status":"publish","type":"post","link":"https:\/\/www.rosarioalerta.com.ar\/site\/archivos\/25056","title":{"rendered":"Investigan v\u00ednculos con \u201cGuille\u201d Cantero"},"content":{"rendered":"\n<p>Secuestraron&nbsp; marihuana en zona oeste, tras un allanamiento<\/p>\n\n\n\n<p>La <strong>Divisi\u00f3n Antidrogas Rosario<\/strong> de la <strong>Polic\u00eda Federal Argentina<\/strong> llev\u00f3 adelante este mi\u00e9rcoles por la noche un allanamiento en un domicilio de <strong>R\u00edo Atuel al 4000<\/strong>, en la zona sur de la ciudad. El procedimiento se enmarca en una causa federal con intervenci\u00f3n del <strong>Juzgado de Garant\u00edas a cargo del Dr. Marcelo Bailaque<\/strong> y la <strong>Procuradur\u00eda de Narcocriminalidad (PROCUNAR)<\/strong>, encabezada por el fiscal <strong>Mat\u00edas Scilabra. <\/strong>El mismo juez que se espera una decisi\u00f3n del<strong> Concejo de la Magistratura, <\/strong>para desplazarlo y que pueda ser la efectiva la prisi\u00f3n preventiva; tanto por la participaci\u00f3n en causas de extorsi\u00f3n a un empresario y sus v\u00ednculos con el<strong> Clan <\/strong>contrario a<strong> \u201cLos Monos\u201d\u2026 el Clan Alvarado<\/strong><\/p>\n\n\n\n<p>El operativo surgi\u00f3 a partir del an\u00e1lisis de material extra\u00eddo de tel\u00e9fonos celulares previamente incautados en investigaciones relacionadas a personas vinculadas con la organizaci\u00f3n criminal conocida como <strong>\u201cLos Monos\u201d.<\/strong> Durante ese trabajo de inteligencia, se detect\u00f3 a un hombre que manten\u00eda comunicaciones indirectas con figuras como <strong>Ariel \u201cGuille\u201d Cantero<\/strong> y su padre, conocido como <strong>\u201cEl Viejo\u201d.<\/strong><\/p>\n\n\n\n<p>Si bien no se encontraron pruebas directas que lo involucraran de manera concluyente en maniobras de narcotr\u00e1fico, se consider\u00f3 pertinente solicitar una orden de allanamiento para incautar su tel\u00e9fono celular y continuar con el an\u00e1lisis del contenido.<\/p>\n\n\n\n<p>Durante el procedimiento, secuestraron; 266 gramos de flores de marihuana, varias bolsas ziploc con dosis fraccionadas de un gramo cada una, un motoveh\u00edculo, $54.000 en efectivo y 42 bolsas de peque\u00f1o tama\u00f1o, presumiblemente destinadas al fraccionamiento y comercializaci\u00f3n de estupefacientes. Adem\u00e1s, un hombre fue detenido en el lugar.<\/p>\n\n\n\n<p>Este tipo de intervenciones se enmarca en el fortalecimiento de investigaciones sobre redes narcocriminales en Rosario, que en los \u00faltimos a\u00f1os han demostrado un alto nivel de organizaci\u00f3n y capacidad operativa desde dentro y fuera de los penales.<\/p>\n\n\n\n<p>El avance en causas como esta permite desarticular estructuras m\u00e1s amplias y complejas, donde cada eslab\u00f3n, por menor que parezca, cumple una funci\u00f3n clave en el circuito del narcomenudeo.<\/p>\n<div class=\"newspaper-x-tags\"><strong>TAGS: <\/strong><span><a href=\"https:\/\/www.rosarioalerta.com.ar\/site\/archivos\/tag\/los-monos\" rel=\"tag\">Los Monos<\/a><\/span><a href=\"https:\/\/www.rosarioalerta.com.ar\/site\/archivos\/tag\/marcelo-bailaque\" rel=\"tag\">Marcelo Bailaque<\/a><\/span><a href=\"https:\/\/www.rosarioalerta.com.ar\/site\/archivos\/tag\/noticias-de-rosario\" rel=\"tag\">Noticias de Rosario<\/a><\/span><a href=\"https:\/\/www.rosarioalerta.com.ar\/site\/archivos\/tag\/policia-federal-argentina\" rel=\"tag\">Polic\u00eda Federal Argentina<\/a><\/span><a href=\"https:\/\/www.rosarioalerta.com.ar\/site\/archivos\/tag\/rosario\" rel=\"tag\">Rosario<\/a><\/span><a href=\"https:\/\/www.rosarioalerta.com.ar\/site\/archivos\/tag\/santa-fe\" rel=\"tag\">Santa Fe<\/a> <\/div>","protected":false},"excerpt":{"rendered":"<p>Secuestraron&nbsp; marihuana en zona oeste, tras un allanamiento La Divisi\u00f3n Antidrogas Rosario de la Polic\u00eda Federal Argentina llev\u00f3 adelante este mi\u00e9rcoles por la noche un allanamiento en un domicilio de R\u00edo Atuel al 4000, en la zona sur de la ciudad. El procedimiento se enmarca en una causa federal con intervenci\u00f3n del Juzgado de Garant\u00edas [&hellip;]<\/p>\n","protected":false},"author":2,"featured_media":25057,"comment_status":"open","ping_status":"open","sticky":false,"template":"","format":"standard","meta":{"_joinchat":[],"footnotes":""},"categories":[12,11,21,14],"tags":[77,609,95,492,55,65],"class_list":["post-25056","post","type-post","status-publish","format-standard","has-post-thumbnail","hentry","category-allanamientos","category-detenidos","category-noticias","category-policiales","tag-los-monos","tag-marcelo-bailaque","tag-noticias-de-rosario","tag-policia-federal-argentina","tag-rosario","tag-santa-fe"],"_links":{"self":[{"href":"https:\/\/www.rosarioalerta.com.ar\/site\/wp-json\/wp\/v2\/posts\/25056","targetHints":{"allow":["GET"]}}],"collection":[{"href":"https:\/\/www.rosarioalerta.com.ar\/site\/wp-json\/wp\/v2\/posts"}],"about":[{"href":"https:\/\/www.rosarioalerta.com.ar\/site\/wp-json\/wp\/v2\/types\/post"}],"author":[{"embeddable":true,"href":"https:\/\/www.rosarioalerta.com.ar\/site\/wp-json\/wp\/v2\/users\/2"}],"replies":[{"embeddable":true,"href":"https:\/\/www.rosarioalerta.com.ar\/site\/wp-json\/wp\/v2\/comments?post=25056"}],"version-history":[{"count":2,"href":"https:\/\/www.rosarioalerta.com.ar\/site\/wp-json\/wp\/v2\/posts\/25056\/revisions"}],"predecessor-version":[{"id":25076,"href":"https:\/\/www.rosarioalerta.com.ar\/site\/wp-json\/wp\/v2\/posts\/25056\/revisions\/25076"}],"wp:featuredmedia":[{"embeddable":true,"href":"https:\/\/www.rosarioalerta.com.ar\/site\/wp-json\/wp\/v2\/media\/25057"}],"wp:attachment":[{"href":"https:\/\/www.rosarioalerta.com.ar\/site\/wp-json\/wp\/v2\/media?parent=25056"}],"wp:term":[{"taxonomy":"category","embeddable":true,"href":"https:\/\/www.rosarioalerta.com.ar\/site\/wp-json\/wp\/v2\/categories?post=25056"},{"taxonomy":"post_tag","embeddable":true,"href":"https:\/\/www.rosarioalerta.com.ar\/site\/wp-json\/wp\/v2\/tags?post=25056"}],"curies":[{"name":"wp","href":"https:\/\/api.w.org\/{rel}","templated":true}]}}