{"id":24979,"date":"2025-05-12T08:14:51","date_gmt":"2025-05-12T11:14:51","guid":{"rendered":"https:\/\/www.rosarioalerta.com.ar\/site\/?p=24979"},"modified":"2025-05-12T08:14:51","modified_gmt":"2025-05-12T11:14:51","slug":"un-agente-de-la-policia-motorizada-murio-tras-un-choque","status":"publish","type":"post","link":"https:\/\/www.rosarioalerta.com.ar\/site\/archivos\/24979","title":{"rendered":"Un agente de la Polic\u00eda Motorizada muri\u00f3 tras un choque"},"content":{"rendered":"\n<p>Un joven polic\u00eda de 21 a\u00f1os falleci\u00f3 en la noche del domingo tras participar de un siniestro vial<\/p>\n\n\n\n<p>El hecho ocurri\u00f3 este domingo pasadas las 20, en <strong>Av Belgrano y Arturo Illia<\/strong>, cuando una moto de la <strong>Polic\u00eda Motorizada<\/strong> colision\u00f3 con una <strong>camioneta Peugeot 504<\/strong> azul. El conductor de la moto, identificado como <strong>Santiago Rub\u00e9n Ben\u00edtez de 21 a\u00f1os<\/strong>, fue trasladado de urgencia al <strong>Hospital de Emergencias Clemente \u00c1lvarez<\/strong> (HECA) en estado cr\u00edtico.<\/p>\n\n\n\n<p>Seg\u00fan confirmaron fuentes policiales y m\u00e9dicas, <strong>Ben\u00edtez<\/strong> ingres\u00f3 al hospital con una fractura de cr\u00e1neo y m\u00faltiples traumatismos. A pesar del esfuerzo del personal m\u00e9dico, a las 23:30 el joven agente fallece<\/p>\n\n\n\n<p>El conductor de la camioneta, un hombre de 55 a\u00f1os domiciliado en <strong>Villa Gobernador G\u00e1lvez<\/strong>, fue aprehendido en el lugar del accidente y puesto a disposici\u00f3n de la fiscal\u00eda. El veh\u00edculo fue secuestrado como parte de la investigaci\u00f3n.<\/p>\n\n\n\n<p>La fiscal <strong>Mariana Oliva<\/strong>, de la <strong>Unidad de Homicidios Culposos<\/strong>, qued\u00f3 a cargo del caso y orden\u00f3 las medidas correspondientes para determinar la responsabilidad del conductor involucrado. Se aguarda la revisi\u00f3n de c\u00e1maras de seguridad de la zona y el resultado de los peritajes accidentol\u00f3gicos.<\/p>\n\n\n\n<p>La muerte del joven agente genera conmoci\u00f3n dentro de la fuerza policial y vuelve a poner en foco los riesgos que enfrentan a diario quienes patrullan las calles. La Justicia deber\u00e1 esclarecer si hubo negligencia por parte del conductor de la camioneta.<\/p>\n<div class=\"newspaper-x-tags\"><strong>TAGS: <\/strong><span><a href=\"https:\/\/www.rosarioalerta.com.ar\/site\/archivos\/tag\/noticias-de-rosario\" rel=\"tag\">Noticias de Rosario<\/a><\/span><a href=\"https:\/\/www.rosarioalerta.com.ar\/site\/archivos\/tag\/rosario\" rel=\"tag\">Rosario<\/a><\/span><a href=\"https:\/\/www.rosarioalerta.com.ar\/site\/archivos\/tag\/santa-fe\" rel=\"tag\">Santa Fe<\/a> <\/div>","protected":false},"excerpt":{"rendered":"<p>Un joven polic\u00eda de 21 a\u00f1os falleci\u00f3 en la noche del domingo tras participar de un siniestro vial El hecho ocurri\u00f3 este domingo pasadas las 20, en Av Belgrano y Arturo Illia, cuando una moto de la Polic\u00eda Motorizada colision\u00f3 con una camioneta Peugeot 504 azul. El conductor de la moto, identificado como Santiago Rub\u00e9n [&hellip;]<\/p>\n","protected":false},"author":2,"featured_media":24980,"comment_status":"open","ping_status":"open","sticky":false,"template":"","format":"standard","meta":{"_joinchat":[],"footnotes":""},"categories":[21,14,10],"tags":[95,55,65],"class_list":["post-24979","post","type-post","status-publish","format-standard","has-post-thumbnail","hentry","category-noticias","category-policiales","category-siniestros-viales","tag-noticias-de-rosario","tag-rosario","tag-santa-fe"],"_links":{"self":[{"href":"https:\/\/www.rosarioalerta.com.ar\/site\/wp-json\/wp\/v2\/posts\/24979","targetHints":{"allow":["GET"]}}],"collection":[{"href":"https:\/\/www.rosarioalerta.com.ar\/site\/wp-json\/wp\/v2\/posts"}],"about":[{"href":"https:\/\/www.rosarioalerta.com.ar\/site\/wp-json\/wp\/v2\/types\/post"}],"author":[{"embeddable":true,"href":"https:\/\/www.rosarioalerta.com.ar\/site\/wp-json\/wp\/v2\/users\/2"}],"replies":[{"embeddable":true,"href":"https:\/\/www.rosarioalerta.com.ar\/site\/wp-json\/wp\/v2\/comments?post=24979"}],"version-history":[{"count":1,"href":"https:\/\/www.rosarioalerta.com.ar\/site\/wp-json\/wp\/v2\/posts\/24979\/revisions"}],"predecessor-version":[{"id":24981,"href":"https:\/\/www.rosarioalerta.com.ar\/site\/wp-json\/wp\/v2\/posts\/24979\/revisions\/24981"}],"wp:featuredmedia":[{"embeddable":true,"href":"https:\/\/www.rosarioalerta.com.ar\/site\/wp-json\/wp\/v2\/media\/24980"}],"wp:attachment":[{"href":"https:\/\/www.rosarioalerta.com.ar\/site\/wp-json\/wp\/v2\/media?parent=24979"}],"wp:term":[{"taxonomy":"category","embeddable":true,"href":"https:\/\/www.rosarioalerta.com.ar\/site\/wp-json\/wp\/v2\/categories?post=24979"},{"taxonomy":"post_tag","embeddable":true,"href":"https:\/\/www.rosarioalerta.com.ar\/site\/wp-json\/wp\/v2\/tags?post=24979"}],"curies":[{"name":"wp","href":"https:\/\/api.w.org\/{rel}","templated":true}]}}