{"id":24953,"date":"2025-05-10T09:12:32","date_gmt":"2025-05-10T12:12:32","guid":{"rendered":"https:\/\/www.rosarioalerta.com.ar\/site\/?p=24953"},"modified":"2025-05-10T09:12:33","modified_gmt":"2025-05-10T12:12:33","slug":"mas-seguridad-y-mas-comunidad","status":"publish","type":"post","link":"https:\/\/www.rosarioalerta.com.ar\/site\/archivos\/24953","title":{"rendered":"M\u00e1s seguridad y m\u00e1s comunidad"},"content":{"rendered":"\n<p>Entregaron sistemas de alarmas comunitarias en barrio Jorge Cura<\/p>\n\n\n\n<p>El <strong>barrio Jorge Cura<\/strong>, ubicado en el <strong>distrito Sudoeste de Rosario<\/strong>, se sum\u00f3 este <strong>viernes 9 de mayo<\/strong> al <strong>sistema municipal de alarmas comunitarias,<\/strong> una herramienta impulsada por el municipio para fortalecer la seguridad barrial y fomentar el v\u00ednculo entre vecinos. Con esta incorporaci\u00f3n, ya <strong>son alrededor de 4500 los domicilios<\/strong> en distintos puntos de la ciudad que cuentan con este dispositivo de prevenci\u00f3n.<\/p>\n\n\n\n<p>Durante la entrega de los pulsadores a 135 hogares de la zona de <strong>Rodr\u00edguez, Gaboto, Oro\u00f1o y Saavedra<\/strong>, la <strong>secretaria de Cercan\u00eda y Gesti\u00f3n Ciudadana, Carolina Labayru<\/strong>, encabez\u00f3 el acto en la <strong>vecinal<\/strong> <strong>Villa del Parque<\/strong>. All\u00ed destac\u00f3 que \u201cel sistema de alarmas comunitarias es una herramienta m\u00e1s para llevarles seguridad y tranquilidad a los vecinos de los barrios\u201d y subray\u00f3 que \u201cadem\u00e1s de prevenir, tambi\u00e9n sirve para reconstruir el tejido social\u201d.<\/p>\n\n\n\n<p>El funcionamiento del sistema se basa en una red de paneles, luces y sirenas instaladas estrat\u00e9gicamente. Cada vecino cuenta con un pulsador que puede activar la alarma en caso de detectar una situaci\u00f3n sospechosa, de violencia familiar o de emergencia, con el objetivo de alertar al resto del vecindario. Es importante aclarar que las alarmas no est\u00e1n conectadas al 911, por lo que el llamado a la Polic\u00eda depender\u00e1 del criterio de los vecinos.<\/p>\n\n\n\n<p>El sistema fue reactivado en 2022 tras a\u00f1os de abandono, en un proceso integral que incluy\u00f3 el recambio de bater\u00edas, controladores, paneles da\u00f1ados y su vinculaci\u00f3n directa con la central municipal de monitoreo. Adem\u00e1s, el mantenimiento qued\u00f3 a cargo exclusivo del municipio, sin empresas intermediarias, y ante cualquier inconveniente los vecinos pueden comunicarse al 147 o ingresar a rosario.gob.ar.<\/p>\n\n\n\n<p><strong>Adem\u00e1s de Jorge Cura, los barrios Agote, Azcu\u00e9naga, Las Heras, Villa Urquiza, Parque Casas y Uni\u00f3n<\/strong> ya forman parte de esta red preventiva. Tambi\u00e9n avanza su implementaci\u00f3n en <strong>barrio Itat\u00ed<\/strong>.<\/p>\n\n\n\n<p>Este sistema es mucho m\u00e1s que una alarma: es una apuesta a la construcci\u00f3n colectiva, a conocerse entre vecinos y a cuidarse entre todos<\/p>\n<div class=\"newspaper-x-tags\"><strong>TAGS: <\/strong><span><a href=\"https:\/\/www.rosarioalerta.com.ar\/site\/archivos\/tag\/alarma-comunitaria\" rel=\"tag\">Alarma Comunitaria<\/a><\/span><a href=\"https:\/\/www.rosarioalerta.com.ar\/site\/archivos\/tag\/noticias-de-rosario\" rel=\"tag\">Noticias de Rosario<\/a><\/span><a href=\"https:\/\/www.rosarioalerta.com.ar\/site\/archivos\/tag\/rosario\" rel=\"tag\">Rosario<\/a><\/span><a href=\"https:\/\/www.rosarioalerta.com.ar\/site\/archivos\/tag\/santa-fe\" rel=\"tag\">Santa Fe<\/a><\/span><a href=\"https:\/\/www.rosarioalerta.com.ar\/site\/archivos\/tag\/seguridad\" rel=\"tag\">Seguridad<\/a> <\/div>","protected":false},"excerpt":{"rendered":"<p>Entregaron sistemas de alarmas comunitarias en barrio Jorge Cura El barrio Jorge Cura, ubicado en el distrito Sudoeste de Rosario, se sum\u00f3 este viernes 9 de mayo al sistema municipal de alarmas comunitarias, una herramienta impulsada por el municipio para fortalecer la seguridad barrial y fomentar el v\u00ednculo entre vecinos. Con esta incorporaci\u00f3n, ya son [&hellip;]<\/p>\n","protected":false},"author":2,"featured_media":24954,"comment_status":"open","ping_status":"open","sticky":false,"template":"","format":"standard","meta":{"_joinchat":[],"footnotes":""},"categories":[18,21],"tags":[1470,95,55,65,458],"class_list":["post-24953","post","type-post","status-publish","format-standard","has-post-thumbnail","hentry","category-institucional","category-noticias","tag-alarma-comunitaria","tag-noticias-de-rosario","tag-rosario","tag-santa-fe","tag-seguridad"],"_links":{"self":[{"href":"https:\/\/www.rosarioalerta.com.ar\/site\/wp-json\/wp\/v2\/posts\/24953","targetHints":{"allow":["GET"]}}],"collection":[{"href":"https:\/\/www.rosarioalerta.com.ar\/site\/wp-json\/wp\/v2\/posts"}],"about":[{"href":"https:\/\/www.rosarioalerta.com.ar\/site\/wp-json\/wp\/v2\/types\/post"}],"author":[{"embeddable":true,"href":"https:\/\/www.rosarioalerta.com.ar\/site\/wp-json\/wp\/v2\/users\/2"}],"replies":[{"embeddable":true,"href":"https:\/\/www.rosarioalerta.com.ar\/site\/wp-json\/wp\/v2\/comments?post=24953"}],"version-history":[{"count":1,"href":"https:\/\/www.rosarioalerta.com.ar\/site\/wp-json\/wp\/v2\/posts\/24953\/revisions"}],"predecessor-version":[{"id":24955,"href":"https:\/\/www.rosarioalerta.com.ar\/site\/wp-json\/wp\/v2\/posts\/24953\/revisions\/24955"}],"wp:featuredmedia":[{"embeddable":true,"href":"https:\/\/www.rosarioalerta.com.ar\/site\/wp-json\/wp\/v2\/media\/24954"}],"wp:attachment":[{"href":"https:\/\/www.rosarioalerta.com.ar\/site\/wp-json\/wp\/v2\/media?parent=24953"}],"wp:term":[{"taxonomy":"category","embeddable":true,"href":"https:\/\/www.rosarioalerta.com.ar\/site\/wp-json\/wp\/v2\/categories?post=24953"},{"taxonomy":"post_tag","embeddable":true,"href":"https:\/\/www.rosarioalerta.com.ar\/site\/wp-json\/wp\/v2\/tags?post=24953"}],"curies":[{"name":"wp","href":"https:\/\/api.w.org\/{rel}","templated":true}]}}