{"id":24429,"date":"2025-04-17T08:09:13","date_gmt":"2025-04-17T11:09:13","guid":{"rendered":"https:\/\/www.rosarioalerta.com.ar\/site\/?p=24429"},"modified":"2025-04-17T08:10:56","modified_gmt":"2025-04-17T11:10:56","slug":"carceles-crimen-y-desidia-era-una-joda","status":"publish","type":"post","link":"https:\/\/www.rosarioalerta.com.ar\/site\/archivos\/24429","title":{"rendered":"C\u00e1rceles, crimen y desidia: \u2018Era una joda\u2019"},"content":{"rendered":"\n<p><\/p>\n\n\n\n<p>El crudo descargo de Javkin tras el asesinato de Bussanich<\/p>\n\n\n\n<p>El intendente de Rosario, <strong>Pablo Javkin<\/strong>, lanz\u00f3 duras cr\u00edticas tras la audiencia imputativa por el crimen del playero <strong>Bruno Bussanich<\/strong>. Con declaraciones tajantes, apunt\u00f3 contra la connivencia estatal que permiti\u00f3 que desde las c\u00e1rceles se ordenaran asesinatos por videollamada. En medio de la conmoci\u00f3n que sigue generando el crimen del joven playero <strong>Bruno Bussanich, <\/strong>asesinado en <strong>marzo pasado<\/strong>, el <strong>intendente Pablo Javkin<\/strong> alz\u00f3 la voz con un mensaje tan contundente como alarmante: <strong><em>\u201cLamentablemente ten\u00edamos raz\u00f3n, las c\u00e1rceles eran una joda\u201d<\/em><\/strong>. La frase reson\u00f3 con fuerza tras la audiencia imputativa realizada ayer, donde se expuso que el asesinato fue ordenado desde la prisi\u00f3n, mediante una videollamada.<\/p>\n\n\n\n<p><strong>Javkin<\/strong> no solo expres\u00f3 su indignaci\u00f3n ante este caso, sino que extendi\u00f3 su preocupaci\u00f3n a otros cr\u00edmenes recientes, como los de <strong>H\u00e9ctor Figueroa y Diego Celentano<\/strong>, adem\u00e1s del <strong>ataque a un chofer de la l\u00ednea 122<\/strong>. <strong><em>\u201cHay que recordar a los responsables pol\u00edticos que permit\u00edan que, desde la c\u00e1rcel, se mandara a matar a trabajadores. Esto no puede volver a pasar\u201d<\/em><\/strong>, remarc\u00f3.<\/p>\n\n\n\n<p>El escenario de estas declaraciones fue simb\u00f3lico: la inauguraci\u00f3n de una <strong>\u201cPlaza de Bolsillo\u201d<\/strong> donde antes exist\u00eda un basural, como parte del <strong>Plan de Plazas 2025.<\/strong> Un gesto de reconstrucci\u00f3n en medio de la violencia, un intento de devolverle la ciudad a sus vecinos.<\/p>\n\n\n\n<p>Consultado tambi\u00e9n por la econom\u00eda, <strong>Javkin<\/strong> advirti\u00f3 sobre el impacto de las pol\u00edticas nacionales en la producci\u00f3n santafesina. <em>\u201cSi seguimos perjudicando al interior productivo, vamos a seguir repitiendo errores. La Argentina debe crecer desde sus motores reales, no desde el consumo porte\u00f1o&#8221;<\/em>, sostuvo, en cr\u00edtica directa a la centralizaci\u00f3n econ\u00f3mica.<\/p>\n\n\n\n<p>Por \u00faltimo, <strong>celebr\u00f3 el fallo judicial que obliga al Estado nacional a mantener la Circunvalaci\u00f3n<\/strong>, denunciando el abandono de esa v\u00eda clave: \u201cLo m\u00e1s grave no son los yuyos, es la falta de iluminaci\u00f3n. Hemos tenido un incremento notorio de accidentes y necesitamos soluciones urgentes\u201d.<\/p>\n\n\n\n<p>Con firmeza, <strong>Javkin<\/strong> dej\u00f3 en claro que su gesti\u00f3n seguir\u00e1 apuntando a la recuperaci\u00f3n de Rosario, sin dar un paso atr\u00e1s frente a la impunidad, la desidia estatal y el abandono que golpea a una ciudad herida pero decidida a salir adelante.<\/p>\n<div class=\"newspaper-x-tags\"><strong>TAGS: <\/strong><span><a href=\"https:\/\/www.rosarioalerta.com.ar\/site\/archivos\/tag\/bruno-nicolas-bussanich\" rel=\"tag\">Bruno Nicol\u00e1s Bussanich<\/a><\/span><a href=\"https:\/\/www.rosarioalerta.com.ar\/site\/archivos\/tag\/noticias-de-rosario\" rel=\"tag\">Noticias de Rosario<\/a><\/span><a href=\"https:\/\/www.rosarioalerta.com.ar\/site\/archivos\/tag\/pablo-javkin\" rel=\"tag\">Pablo Javkin<\/a><\/span><a href=\"https:\/\/www.rosarioalerta.com.ar\/site\/archivos\/tag\/rosario\" rel=\"tag\">Rosario<\/a><\/span><a href=\"https:\/\/www.rosarioalerta.com.ar\/site\/archivos\/tag\/santa-fe\" rel=\"tag\">Santa Fe<\/a> <\/div>","protected":false},"excerpt":{"rendered":"<p>El crudo descargo de Javkin tras el asesinato de Bussanich El intendente de Rosario, Pablo Javkin, lanz\u00f3 duras cr\u00edticas tras la audiencia imputativa por el crimen del playero Bruno Bussanich. Con declaraciones tajantes, apunt\u00f3 contra la connivencia estatal que permiti\u00f3 que desde las c\u00e1rceles se ordenaran asesinatos por videollamada. En medio de la conmoci\u00f3n que [&hellip;]<\/p>\n","protected":false},"author":2,"featured_media":24430,"comment_status":"open","ping_status":"open","sticky":false,"template":"","format":"standard","meta":{"_joinchat":[],"footnotes":""},"categories":[18,21],"tags":[540,95,1431,55,65],"class_list":["post-24429","post","type-post","status-publish","format-standard","has-post-thumbnail","hentry","category-institucional","category-noticias","tag-bruno-nicolas-bussanich","tag-noticias-de-rosario","tag-pablo-javkin","tag-rosario","tag-santa-fe"],"_links":{"self":[{"href":"https:\/\/www.rosarioalerta.com.ar\/site\/wp-json\/wp\/v2\/posts\/24429","targetHints":{"allow":["GET"]}}],"collection":[{"href":"https:\/\/www.rosarioalerta.com.ar\/site\/wp-json\/wp\/v2\/posts"}],"about":[{"href":"https:\/\/www.rosarioalerta.com.ar\/site\/wp-json\/wp\/v2\/types\/post"}],"author":[{"embeddable":true,"href":"https:\/\/www.rosarioalerta.com.ar\/site\/wp-json\/wp\/v2\/users\/2"}],"replies":[{"embeddable":true,"href":"https:\/\/www.rosarioalerta.com.ar\/site\/wp-json\/wp\/v2\/comments?post=24429"}],"version-history":[{"count":1,"href":"https:\/\/www.rosarioalerta.com.ar\/site\/wp-json\/wp\/v2\/posts\/24429\/revisions"}],"predecessor-version":[{"id":24431,"href":"https:\/\/www.rosarioalerta.com.ar\/site\/wp-json\/wp\/v2\/posts\/24429\/revisions\/24431"}],"wp:featuredmedia":[{"embeddable":true,"href":"https:\/\/www.rosarioalerta.com.ar\/site\/wp-json\/wp\/v2\/media\/24430"}],"wp:attachment":[{"href":"https:\/\/www.rosarioalerta.com.ar\/site\/wp-json\/wp\/v2\/media?parent=24429"}],"wp:term":[{"taxonomy":"category","embeddable":true,"href":"https:\/\/www.rosarioalerta.com.ar\/site\/wp-json\/wp\/v2\/categories?post=24429"},{"taxonomy":"post_tag","embeddable":true,"href":"https:\/\/www.rosarioalerta.com.ar\/site\/wp-json\/wp\/v2\/tags?post=24429"}],"curies":[{"name":"wp","href":"https:\/\/api.w.org\/{rel}","templated":true}]}}