{"id":24266,"date":"2025-04-09T12:46:43","date_gmt":"2025-04-09T15:46:43","guid":{"rendered":"https:\/\/www.rosarioalerta.com.ar\/site\/?p=24266"},"modified":"2025-04-09T12:47:30","modified_gmt":"2025-04-09T15:47:30","slug":"tu-oportunidad-para-formar-parte-de-la-policia-de-la-provincia-de-santa-fe","status":"publish","type":"post","link":"https:\/\/www.rosarioalerta.com.ar\/site\/archivos\/24266","title":{"rendered":"\u00a1Tu oportunidad para formar parte de la Polic\u00eda de la Provincia de Santa Fe!"},"content":{"rendered":"\n<p><\/p>\n\n\n\n<p>Inscripci\u00f3n abierta para la carrera de T\u00e9cnico Superior en Seguridad P\u00fablica y Ciudadana<\/p>\n\n\n\n<p>El <strong>Ministerio de Justicia y Seguridad de la Provincia de Santa Fe<\/strong>, junto con el <strong>Instituto de Seguridad P\u00fablica<\/strong> (ISeP), ha anunciado una nueva convocatoria para aquellos que deseen unirse a la fuerza policial provincial. La inscripci\u00f3n para la carrera de T\u00e9cnico Superior en Seguridad P\u00fablica y Ciudadana ya est\u00e1 abierta desde el 8 de abril y se extender\u00e1 hasta el 23 de mayo de 2025. Este es un llamado para hombres y mujeres que quieran formar parte de la Polic\u00eda de la Provincia de Santa Fe y hacer una diferencia en la seguridad de la comunidad.<\/p>\n\n\n\n<p class=\"has-text-align-center\"><strong>Un camino hacia una profesi\u00f3n de compromiso y servicio<\/strong><\/p>\n\n\n\n<p>La carrera de T\u00e9cnico Superior en Seguridad P\u00fablica y Ciudadana tiene una duraci\u00f3n total de tres a\u00f1os, de los cuales los dos primeros ser\u00e1n de formaci\u00f3n presencial. Durante los dos primeros a\u00f1os, los estudiantes aprender\u00e1n todo lo necesario para desempe\u00f1arse como Auxiliares en Seguridad, t\u00edtulo que obtendr\u00e1n al finalizar el segundo a\u00f1o. En ese momento, los estudiantes ingresar\u00e1n directamente a la fuerza policial, donde prestar\u00e1n servicio activo por un per\u00edodo de dos a\u00f1os. Al completar estos dos a\u00f1os de experiencia, podr\u00e1n continuar su formaci\u00f3n durante el tercer a\u00f1o para graduarse como T\u00e9cnicos Superiores en Seguridad P\u00fablica y Ciudadana, con todos los conocimientos y habilidades necesarias para desempe\u00f1arse como profesionales en la seguridad.<\/p>\n\n\n\n<p><strong>Requisitos de inscripci\u00f3n y c\u00f3mo postularte<\/strong><\/p>\n\n\n\n<p>Para inscribirse en este programa, los aspirantes deben cumplir con ciertos requisitos:<\/p>\n\n\n\n<p><strong>Ser argentino.<\/strong><\/p>\n\n\n\n<p><strong>Tener entre 18 y 28 a\u00f1os al 2 de febrero de 2026.<\/strong><\/p>\n\n\n\n<p><strong>Poseer t\u00edtulo secundario completo.<\/strong><\/p>\n\n\n\n<p><strong>Superar los ex\u00e1menes psicof\u00edsicos.<\/strong><\/p>\n\n\n\n<p><strong>No haber sido condenado ni estar procesado por delitos.<\/strong><\/p>\n\n\n\n<p><strong>No ser empleado de la administraci\u00f3n p\u00fablica.<\/strong><\/p>\n\n\n\n<p><strong>No haber sido destituido de ning\u00fan cargo p\u00fablico.<\/strong><\/p>\n\n\n\n<p>La inscripci\u00f3n se realiza de forma completamente online a trav\u00e9s del portal web de la provincia. Los interesados deben tener una ID Ciudadana, que se obtiene al registrarse en el sitio oficial de la provincia, y confirmar su cuenta dentro de las 24 horas posteriores.<\/p>\n\n\n\n<p>Esta es una oportunidad \u00fanica para aquellos que desean ser parte del cambio y contribuir activamente al bienestar de la sociedad. El gobierno de la provincia, a trav\u00e9s de esta convocatoria, sigue apostando al fortalecimiento de la seguridad p\u00fablica, buscando formar a la mejor polic\u00eda especializada del pa\u00eds. Si sientes el llamado y cumples con los requisitos, no dudes en inscribirte y dar el primer paso hacia una carrera llena de desaf\u00edos y recompensas.<\/p>\n\n\n\n<p>Para m\u00e1s detalles y acceso al formulario de inscripci\u00f3n, visita el sitio oficial del Gobierno de Santa Fe <a href=\"https:\/\/www.santafe.gob.ar\/index.php\/web\/content\/view\/full\/255353\/(subtema)\/239105\">aqu\u00ed<\/a>. Tambi\u00e9n puedes realizar consultas a la Subsecretar\u00eda de Formaci\u00f3n y Carrera Policial o al Instituto de Seguridad P\u00fablica a trav\u00e9s de los correos electr\u00f3nicos proporcionados.<\/p>\n<div class=\"newspaper-x-tags\"><strong>TAGS: <\/strong><span><a href=\"https:\/\/www.rosarioalerta.com.ar\/site\/archivos\/tag\/isep\" rel=\"tag\">ISEP<\/a><\/span><a href=\"https:\/\/www.rosarioalerta.com.ar\/site\/archivos\/tag\/noticias-de-rosario\" rel=\"tag\">Noticias de Rosario<\/a><\/span><a href=\"https:\/\/www.rosarioalerta.com.ar\/site\/archivos\/tag\/rosario\" rel=\"tag\">Rosario<\/a><\/span><a href=\"https:\/\/www.rosarioalerta.com.ar\/site\/archivos\/tag\/santa-fe\" rel=\"tag\">Santa Fe<\/a> <\/div>","protected":false},"excerpt":{"rendered":"<p>Inscripci\u00f3n abierta para la carrera de T\u00e9cnico Superior en Seguridad P\u00fablica y Ciudadana El Ministerio de Justicia y Seguridad de la Provincia de Santa Fe, junto con el Instituto de Seguridad P\u00fablica (ISeP), ha anunciado una nueva convocatoria para aquellos que deseen unirse a la fuerza policial provincial. La inscripci\u00f3n para la carrera de T\u00e9cnico [&hellip;]<\/p>\n","protected":false},"author":2,"featured_media":24267,"comment_status":"open","ping_status":"open","sticky":false,"template":"","format":"standard","meta":{"_joinchat":[],"footnotes":""},"categories":[18,21],"tags":[482,95,55,65],"class_list":["post-24266","post","type-post","status-publish","format-standard","has-post-thumbnail","hentry","category-institucional","category-noticias","tag-isep","tag-noticias-de-rosario","tag-rosario","tag-santa-fe"],"_links":{"self":[{"href":"https:\/\/www.rosarioalerta.com.ar\/site\/wp-json\/wp\/v2\/posts\/24266","targetHints":{"allow":["GET"]}}],"collection":[{"href":"https:\/\/www.rosarioalerta.com.ar\/site\/wp-json\/wp\/v2\/posts"}],"about":[{"href":"https:\/\/www.rosarioalerta.com.ar\/site\/wp-json\/wp\/v2\/types\/post"}],"author":[{"embeddable":true,"href":"https:\/\/www.rosarioalerta.com.ar\/site\/wp-json\/wp\/v2\/users\/2"}],"replies":[{"embeddable":true,"href":"https:\/\/www.rosarioalerta.com.ar\/site\/wp-json\/wp\/v2\/comments?post=24266"}],"version-history":[{"count":1,"href":"https:\/\/www.rosarioalerta.com.ar\/site\/wp-json\/wp\/v2\/posts\/24266\/revisions"}],"predecessor-version":[{"id":24268,"href":"https:\/\/www.rosarioalerta.com.ar\/site\/wp-json\/wp\/v2\/posts\/24266\/revisions\/24268"}],"wp:featuredmedia":[{"embeddable":true,"href":"https:\/\/www.rosarioalerta.com.ar\/site\/wp-json\/wp\/v2\/media\/24267"}],"wp:attachment":[{"href":"https:\/\/www.rosarioalerta.com.ar\/site\/wp-json\/wp\/v2\/media?parent=24266"}],"wp:term":[{"taxonomy":"category","embeddable":true,"href":"https:\/\/www.rosarioalerta.com.ar\/site\/wp-json\/wp\/v2\/categories?post=24266"},{"taxonomy":"post_tag","embeddable":true,"href":"https:\/\/www.rosarioalerta.com.ar\/site\/wp-json\/wp\/v2\/tags?post=24266"}],"curies":[{"name":"wp","href":"https:\/\/api.w.org\/{rel}","templated":true}]}}