{"id":24259,"date":"2025-04-09T07:32:46","date_gmt":"2025-04-09T10:32:46","guid":{"rendered":"https:\/\/www.rosarioalerta.com.ar\/site\/?p=24259"},"modified":"2025-04-09T07:32:51","modified_gmt":"2025-04-09T10:32:51","slug":"camaras-para-agentes-de-transito","status":"publish","type":"post","link":"https:\/\/www.rosarioalerta.com.ar\/site\/archivos\/24259","title":{"rendered":"C\u00e1maras para Agentes de Tr\u00e1nsito"},"content":{"rendered":"\n<p>El Concejo Municipal avanza en iniciativas claves para mejorar la seguridad<\/p>\n\n\n\n<p>En la \u00faltima reuni\u00f3n de la <strong>Comisi\u00f3n de Presupuesto y Hacienda<\/strong>, se abordaron temas cruciales para la ciudad, destacando la incorporaci\u00f3n de c\u00e1maras de video en los uniformes de los agentes de tr\u00e1nsito y la creaci\u00f3n de una nueva comisi\u00f3n de seguimiento sobre la inversi\u00f3n p\u00fablica.<\/p>\n\n\n\n<p class=\"has-text-align-center\"><strong>C\u00e1maras para los Agentes de Tr\u00e1nsito<\/strong><\/p>\n\n\n\n<p>Uno de los temas m\u00e1s relevantes discutidos fue el proyecto presentado por la concejala <strong>Mar\u00eda Fernanda Rey<\/strong>, del bloque Justicialista, que propone la incorporaci\u00f3n de c\u00e1maras de video en los uniformes de los agentes de tr\u00e1nsito. La medida tiene como objetivo mejorar la seguridad y el control en las calles, permitiendo que los agentes transmitan se\u00f1ales y alertas en tiempo real al <strong>Centro Integrado de Operaciones Rosario<\/strong> (CIOR), a la <strong>Central de Emergencias del 911<\/strong>, <strong>SIES<\/strong> y a otros organismos pertinentes. Este proyecto busca fortalecer la transparencia en las intervenciones de los agentes de tr\u00e1nsito y mejorar la respuesta ante situaciones de riesgo.<\/p>\n\n\n\n<figure class=\"wp-block-image size-large\"><img loading=\"lazy\" decoding=\"async\" width=\"1024\" height=\"576\" src=\"https:\/\/www.rosarioalerta.com.ar\/site\/wp-content\/uploads\/2025\/04\/body-cam-3-1024x576.jpg\" alt=\"\" class=\"wp-image-24262\" srcset=\"https:\/\/www.rosarioalerta.com.ar\/site\/wp-content\/uploads\/2025\/04\/body-cam-3-1024x576.jpg 1024w, https:\/\/www.rosarioalerta.com.ar\/site\/wp-content\/uploads\/2025\/04\/body-cam-3-300x169.jpg 300w, https:\/\/www.rosarioalerta.com.ar\/site\/wp-content\/uploads\/2025\/04\/body-cam-3-768x432.jpg 768w, https:\/\/www.rosarioalerta.com.ar\/site\/wp-content\/uploads\/2025\/04\/body-cam-3-1536x864.jpg 1536w, https:\/\/www.rosarioalerta.com.ar\/site\/wp-content\/uploads\/2025\/04\/body-cam-3-696x392.jpg 696w, https:\/\/www.rosarioalerta.com.ar\/site\/wp-content\/uploads\/2025\/04\/body-cam-3-1068x601.jpg 1068w, https:\/\/www.rosarioalerta.com.ar\/site\/wp-content\/uploads\/2025\/04\/body-cam-3-747x420.jpg 747w, https:\/\/www.rosarioalerta.com.ar\/site\/wp-content\/uploads\/2025\/04\/body-cam-3.jpg 1920w\" sizes=\"auto, (max-width: 1024px) 100vw, 1024px\" \/><\/figure>\n\n\n\n<p>El proyecto, que recibi\u00f3 la opini\u00f3n favorable de la <strong>Comisi\u00f3n de Control de Convivencia y Seguridad Ciudadana<\/strong>, ahora incluir\u00e1 un estudio de factibilidad para determinar su viabilidad. Adem\u00e1s, se prev\u00e9 un convenio de colaboraci\u00f3n con el <strong>Ministerio de Seguridad y el Ministerio P\u00fablico de la Acusaci\u00f3n<\/strong>, lo que refuerza la cooperaci\u00f3n entre las instituciones para garantizar la efectividad de la medida.<\/p>\n\n\n\n<p><strong>Avanza la Comisi\u00f3n sobre Inversi\u00f3n P\u00fablica<\/strong><\/p>\n\n\n\n<p>Otro punto clave de la jornada fue la discusi\u00f3n sobre la creaci\u00f3n de una nueva comisi\u00f3n encargada del seguimiento y control de la inversi\u00f3n p\u00fablica en Rosario. Este pedido, proveniente del Tribunal Municipal de Cuentas, propone la creaci\u00f3n de una comisi\u00f3n de seguimiento compuesta por cuatro concejales, que tendr\u00e1 la tarea de evaluar la gesti\u00f3n de los fondos p\u00fablicos y supervisar la ejecuci\u00f3n de las obras financiadas por la Ordenanza 10.274.<\/p>\n\n\n\n<p>La comisi\u00f3n estar\u00e1 integrada por representantes de las comisiones de Presupuesto y Hacienda, Gobierno, Planeamiento y Urbanismo, y Obras P\u00fablicas. Los ediles a\u00fan deben coordinar la representaci\u00f3n de su cuerpo en esta nueva comisi\u00f3n, pero esta medida tiene como fin garantizar la transparencia en el uso de los recursos destinados a obras p\u00fablicas.<\/p>\n\n\n\n<p><strong>Desaprobaci\u00f3n y Exenciones<\/strong><\/p>\n\n\n\n<p>En cuanto a otros temas tratados en la comisi\u00f3n, <strong>se aprob\u00f3 la exenci\u00f3n de la Tasa General de Inmuebles <\/strong>solicitada por las colectividades italianas <strong>Familia Basilicata y Asociaci\u00f3n Italiana Alcara Li Fusi<\/strong>. Adem\u00e1s, se <strong>aprob\u00f3 la condonaci\u00f3n de deuda solicitada por la Asociaci\u00f3n Civil Maciel Bochin Club.<\/strong><\/p>\n\n\n\n<p>La reuni\u00f3n de la Comisi\u00f3n de Presupuesto y Hacienda, presidida por Mariano Roca, se llev\u00f3 a cabo en la Sala de la Memoria del Edificio Anexo &#8220;Alfredo Palacios&#8221;. En ella participaron concejales de diversos bloques, incluyendo a Lucas Raspall, Anah\u00ed Schibelbein, Ver\u00f3nica Irizar, Julia Irigoitia y Jesica Pellegrini, quienes continuaron trabajando para mejorar la gesti\u00f3n p\u00fablica y la seguridad en la ciudad.<\/p>\n\n\n\n<p>Con estas nuevas iniciativas, el Concejo Municipal da un paso m\u00e1s hacia una ciudad m\u00e1s segura, transparente y eficiente en el manejo de sus recursos.<\/p>\n<div class=\"newspaper-x-tags\"><strong>TAGS: <\/strong><span><a href=\"https:\/\/www.rosarioalerta.com.ar\/site\/archivos\/tag\/noticias-de-rosario\" rel=\"tag\">Noticias de Rosario<\/a><\/span><a href=\"https:\/\/www.rosarioalerta.com.ar\/site\/archivos\/tag\/rosario\" rel=\"tag\">Rosario<\/a><\/span><a href=\"https:\/\/www.rosarioalerta.com.ar\/site\/archivos\/tag\/santa-fe\" rel=\"tag\">Santa Fe<\/a><\/span><a href=\"https:\/\/www.rosarioalerta.com.ar\/site\/archivos\/tag\/seguridad\" rel=\"tag\">Seguridad<\/a> <\/div>","protected":false},"excerpt":{"rendered":"<p>El Concejo Municipal avanza en iniciativas claves para mejorar la seguridad En la \u00faltima reuni\u00f3n de la Comisi\u00f3n de Presupuesto y Hacienda, se abordaron temas cruciales para la ciudad, destacando la incorporaci\u00f3n de c\u00e1maras de video en los uniformes de los agentes de tr\u00e1nsito y la creaci\u00f3n de una nueva comisi\u00f3n de seguimiento sobre la [&hellip;]<\/p>\n","protected":false},"author":2,"featured_media":24261,"comment_status":"open","ping_status":"open","sticky":false,"template":"","format":"standard","meta":{"_joinchat":[],"footnotes":""},"categories":[18,21],"tags":[95,55,65,458],"class_list":["post-24259","post","type-post","status-publish","format-standard","has-post-thumbnail","hentry","category-institucional","category-noticias","tag-noticias-de-rosario","tag-rosario","tag-santa-fe","tag-seguridad"],"_links":{"self":[{"href":"https:\/\/www.rosarioalerta.com.ar\/site\/wp-json\/wp\/v2\/posts\/24259","targetHints":{"allow":["GET"]}}],"collection":[{"href":"https:\/\/www.rosarioalerta.com.ar\/site\/wp-json\/wp\/v2\/posts"}],"about":[{"href":"https:\/\/www.rosarioalerta.com.ar\/site\/wp-json\/wp\/v2\/types\/post"}],"author":[{"embeddable":true,"href":"https:\/\/www.rosarioalerta.com.ar\/site\/wp-json\/wp\/v2\/users\/2"}],"replies":[{"embeddable":true,"href":"https:\/\/www.rosarioalerta.com.ar\/site\/wp-json\/wp\/v2\/comments?post=24259"}],"version-history":[{"count":1,"href":"https:\/\/www.rosarioalerta.com.ar\/site\/wp-json\/wp\/v2\/posts\/24259\/revisions"}],"predecessor-version":[{"id":24263,"href":"https:\/\/www.rosarioalerta.com.ar\/site\/wp-json\/wp\/v2\/posts\/24259\/revisions\/24263"}],"wp:featuredmedia":[{"embeddable":true,"href":"https:\/\/www.rosarioalerta.com.ar\/site\/wp-json\/wp\/v2\/media\/24261"}],"wp:attachment":[{"href":"https:\/\/www.rosarioalerta.com.ar\/site\/wp-json\/wp\/v2\/media?parent=24259"}],"wp:term":[{"taxonomy":"category","embeddable":true,"href":"https:\/\/www.rosarioalerta.com.ar\/site\/wp-json\/wp\/v2\/categories?post=24259"},{"taxonomy":"post_tag","embeddable":true,"href":"https:\/\/www.rosarioalerta.com.ar\/site\/wp-json\/wp\/v2\/tags?post=24259"}],"curies":[{"name":"wp","href":"https:\/\/api.w.org\/{rel}","templated":true}]}}