{"id":24231,"date":"2025-04-08T11:26:52","date_gmt":"2025-04-08T14:26:52","guid":{"rendered":"https:\/\/www.rosarioalerta.com.ar\/site\/?p=24231"},"modified":"2025-04-08T11:27:20","modified_gmt":"2025-04-08T14:27:20","slug":"ley-luciano","status":"publish","type":"post","link":"https:\/\/www.rosarioalerta.com.ar\/site\/archivos\/24231","title":{"rendered":"&#8220;Ley Luciano&#8221;"},"content":{"rendered":"\n<p>La Iniciativa Para Sensibilizar a la Justicia sobre la Leg\u00edtima Defensa de los Polic\u00edas<\/p>\n\n\n\n<p>En un acto que busca concientizar sobre las realidades del accionar policial, el <strong>Gobierno de Santa Fe<\/strong> present\u00f3 la &#8220;<strong>Ley Luciano<\/strong>&#8220;, un proyecto destinado a capacitar a jueces y fiscales sobre el estr\u00e9s que enfrenta un agente en situaciones de leg\u00edtima defensa. Este martes, el Gobierno de Santa Fe present\u00f3 en detalle el proyecto de ley denominado &#8220;<strong>Ley Luciano<\/strong>&#8220;, una iniciativa que busca modificar la manera en que la Justicia eval\u00faa el accionar de los polic\u00edas en situaciones de leg\u00edtima defensa. El objetivo principal de la norma es garantizar que jueces y fiscales consideren el proceso de estr\u00e9s y presi\u00f3n al que un agente se enfrenta cuando debe decidir si hace uso de su arma de fuego en una situaci\u00f3n de riesgo.<\/p>\n\n\n\n<p>El <strong>ministro de Justicia y Seguridad de la provincia, Pablo Coccocioni<\/strong>, y el senador <strong>Ciro Seisas<\/strong> fueron los encargados de explicar los pormenores del proyecto que lleva el nombre de <strong>Luciano Nocelli<\/strong>, el polic\u00eda condenado injustamente por la muerte de dos motochorros en un enfrentamiento ocurrido en 2019. Tras la anulaci\u00f3n de su condena en noviembre de 2024, el caso de <strong>Nocelli<\/strong> se convirti\u00f3 en un referente de la lucha por la defensa del accionar policial en situaciones de leg\u00edtima defensa.<\/p>\n\n\n\n<p>El proyecto de ley propone una capacitaci\u00f3n espec\u00edfica para jueces y fiscales, enfocada en la experiencia vivencial del agente policial. Seg\u00fan Coccocioni, la formaci\u00f3n no solo ser\u00e1 te\u00f3rica, sino pr\u00e1ctica, simulando situaciones de alto estr\u00e9s y el uso progresivo de la fuerza en condiciones similares a las que enfrenta un polic\u00eda en la calle. Este enfoque tiene como objetivo brindar a los operadores judiciales una mejor comprensi\u00f3n de lo que implica tomar decisiones en situaciones de vida o muerte.<\/p>\n\n\n\n<p>Adem\u00e1s, Coccocioni se\u00f1al\u00f3 que el proyecto ser\u00e1 impulsado como una pol\u00edtica de Estado, y se contempla la posibilidad de agregar una cl\u00e1usula en la Constituci\u00f3n que respalde expl\u00edcitamente el ejercicio de la fuerza leg\u00edtima por parte de la polic\u00eda. El ministro tambi\u00e9n adelant\u00f3 que, en caso de aprobarse la ley, se implementar\u00e1 un programa de capacitaci\u00f3n obligatorio para todos los aspirantes a jueces, fiscales y defensores.<\/p>\n\n\n\n<p>Con la &#8220;Ley Luciano&#8221;, el Gobierno de Santa Fe busca evitar que otros polic\u00edas como Nocelli sufran el mismo proceso judicial injusto. Esta iniciativa no solo es un paso hacia la sensibilizaci\u00f3n de la Justicia, sino tambi\u00e9n un acto de reconocimiento y apoyo hacia quienes arriesgan sus vidas para proteger a la sociedad. La ley busca darles a los agentes las herramientas necesarias para que su accionar sea comprendido y respaldado en momentos de presi\u00f3n extrema.<\/p>\n<div class=\"newspaper-x-tags\"><strong>TAGS: <\/strong><span><a href=\"https:\/\/www.rosarioalerta.com.ar\/site\/archivos\/tag\/luciano-nocelli\" rel=\"tag\">Luciano Nocelli<\/a><\/span><a href=\"https:\/\/www.rosarioalerta.com.ar\/site\/archivos\/tag\/noticias-de-rosario\" rel=\"tag\">Noticias de Rosario<\/a><\/span><a href=\"https:\/\/www.rosarioalerta.com.ar\/site\/archivos\/tag\/rosario\" rel=\"tag\">Rosario<\/a><\/span><a href=\"https:\/\/www.rosarioalerta.com.ar\/site\/archivos\/tag\/santa-fe\" rel=\"tag\">Santa Fe<\/a> <\/div>","protected":false},"excerpt":{"rendered":"<p>La Iniciativa Para Sensibilizar a la Justicia sobre la Leg\u00edtima Defensa de los Polic\u00edas En un acto que busca concientizar sobre las realidades del accionar policial, el Gobierno de Santa Fe present\u00f3 la &#8220;Ley Luciano&#8220;, un proyecto destinado a capacitar a jueces y fiscales sobre el estr\u00e9s que enfrenta un agente en situaciones de leg\u00edtima [&hellip;]<\/p>\n","protected":false},"author":2,"featured_media":24232,"comment_status":"open","ping_status":"open","sticky":false,"template":"","format":"standard","meta":{"_joinchat":[],"footnotes":""},"categories":[18,13,21,14],"tags":[1068,95,55,65],"class_list":["post-24231","post","type-post","status-publish","format-standard","has-post-thumbnail","hentry","category-institucional","category-judiciales","category-noticias","category-policiales","tag-luciano-nocelli","tag-noticias-de-rosario","tag-rosario","tag-santa-fe"],"_links":{"self":[{"href":"https:\/\/www.rosarioalerta.com.ar\/site\/wp-json\/wp\/v2\/posts\/24231","targetHints":{"allow":["GET"]}}],"collection":[{"href":"https:\/\/www.rosarioalerta.com.ar\/site\/wp-json\/wp\/v2\/posts"}],"about":[{"href":"https:\/\/www.rosarioalerta.com.ar\/site\/wp-json\/wp\/v2\/types\/post"}],"author":[{"embeddable":true,"href":"https:\/\/www.rosarioalerta.com.ar\/site\/wp-json\/wp\/v2\/users\/2"}],"replies":[{"embeddable":true,"href":"https:\/\/www.rosarioalerta.com.ar\/site\/wp-json\/wp\/v2\/comments?post=24231"}],"version-history":[{"count":1,"href":"https:\/\/www.rosarioalerta.com.ar\/site\/wp-json\/wp\/v2\/posts\/24231\/revisions"}],"predecessor-version":[{"id":24233,"href":"https:\/\/www.rosarioalerta.com.ar\/site\/wp-json\/wp\/v2\/posts\/24231\/revisions\/24233"}],"wp:featuredmedia":[{"embeddable":true,"href":"https:\/\/www.rosarioalerta.com.ar\/site\/wp-json\/wp\/v2\/media\/24232"}],"wp:attachment":[{"href":"https:\/\/www.rosarioalerta.com.ar\/site\/wp-json\/wp\/v2\/media?parent=24231"}],"wp:term":[{"taxonomy":"category","embeddable":true,"href":"https:\/\/www.rosarioalerta.com.ar\/site\/wp-json\/wp\/v2\/categories?post=24231"},{"taxonomy":"post_tag","embeddable":true,"href":"https:\/\/www.rosarioalerta.com.ar\/site\/wp-json\/wp\/v2\/tags?post=24231"}],"curies":[{"name":"wp","href":"https:\/\/api.w.org\/{rel}","templated":true}]}}