{"id":24208,"date":"2025-04-07T06:55:57","date_gmt":"2025-04-07T09:55:57","guid":{"rendered":"https:\/\/www.rosarioalerta.com.ar\/site\/?p=24208"},"modified":"2025-04-07T06:56:35","modified_gmt":"2025-04-07T09:56:35","slug":"siniestro-fatal","status":"publish","type":"post","link":"https:\/\/www.rosarioalerta.com.ar\/site\/archivos\/24208","title":{"rendered":"Siniestro fatal"},"content":{"rendered":"\n<p>Un hombre perdi\u00f3 la vida tras colisionar con una moto<\/p>\n\n\n\n<p>Un nuevo siniestro vial conmociona a Rosario, durante la madrugada<\/p>\n\n\n\n<p>En un lamentable hecho ocurrido en la madrugada de este lunes, cuando una persona habr\u00eda perdido el control de su moto y sufri\u00f3 un siniestro vial sobre <strong>Circunvalaci\u00f3n, a la altura de La Rep\u00fablica<\/strong>. Seg\u00fan las primeras informaciones, una persona habr\u00eda fallecido y otra result\u00f3 herida. El hecho, ocurrido alrededor de la 1.50, cuando un llamado a la <strong>Central de Emergencias del 911<\/strong>, daba cuenta de lo sucedido<\/p>\n\n\n\n<p>Una patrulla se moviliz\u00f3 hasta el lugar y al llegar, los oficiales encontraron a un hombre sin signos vitales sobre la cinta asf\u00e1ltica del carril sur-norte. A pocos metros de \u00e9l, una Guerrero GR1 150 cc, azul, permanec\u00eda volcada con las luces encendidas, lo que indicaba la gravedad del siniestro. Mientras tanto, a unos metros de la escena, un hombre caminaba de forma err\u00e1tica. Al ser abordado, este fue identificado como <strong>Claudio S<\/strong>, residente de Rosario, no lograba ubicar el lugar ni el momento en el que se encontraba.<\/p>\n\n\n\n<p>La investigaci\u00f3n inicial sugiere que <strong>Claudio<\/strong> podr\u00eda haber viajado junto a la v\u00edctima fatal, aunque a\u00fan no se sabe si ocupaba el puesto de conductor o acompa\u00f1ante. Tras ser atendido por personal m\u00e9dico, se diagnostic\u00f3 su herida: una lesi\u00f3n punzante en el labio inferior. Lamentablemente, el diagn\u00f3stico fatal fue para el otro joven. En cuanto al tr\u00e1nsito, durante las primeras horas de la ma\u00f1ana permanec\u00eda cortado y con desv\u00edos<\/p>\n\n\n\n<p>Mientras tanto, a pocas horas de este tr\u00e1gico accidente, la Polic\u00eda se enfrent\u00f3 a otro incidente en el que dos hombres fueron detenidos por da\u00f1os en un galp\u00f3n. El hecho se produjo a las 3, en la calle <strong>M. Ross al 2700<\/strong>. Los detenidos, <strong>Mat\u00edas Nicol\u00e1s de 26 a\u00f1os y Roberto de 33<\/strong>, fueron arrestados tras ser sorprendidos forzando un port\u00f3n y causando destrozos. Durante el procedimiento, uno de los implicados, <strong>Roberto<\/strong>, intent\u00f3 deshacerse de una barra de fierro, lo que fue observado por los agentes.<\/p>\n\n\n\n<p>Ambos incidentes ponen de relieve la constante presencia de hechos delictivos en la regi\u00f3n, adem\u00e1s de la tr\u00e1gica fatalidad que acompa\u00f1a los siniestros viales en las arterias principales de la ciudad. Las autoridades contin\u00faan con las investigaciones para esclarecer las circunstancias que rodean ambos eventos.<\/p>\n","protected":false},"excerpt":{"rendered":"<p>Un hombre perdi\u00f3 la vida tras colisionar con una moto Un nuevo siniestro vial conmociona a Rosario, durante la madrugada En un lamentable hecho ocurrido en la madrugada de este lunes, cuando una persona habr\u00eda perdido el control de su moto y sufri\u00f3 un siniestro vial sobre Circunvalaci\u00f3n, a la altura de La Rep\u00fablica. Seg\u00fan [&hellip;]<\/p>\n","protected":false},"author":2,"featured_media":24209,"comment_status":"open","ping_status":"open","sticky":false,"template":"","format":"standard","meta":{"_joinchat":[],"footnotes":""},"categories":[21,14,10],"tags":[],"class_list":["post-24208","post","type-post","status-publish","format-standard","has-post-thumbnail","hentry","category-noticias","category-policiales","category-siniestros-viales"],"_links":{"self":[{"href":"https:\/\/www.rosarioalerta.com.ar\/site\/wp-json\/wp\/v2\/posts\/24208","targetHints":{"allow":["GET"]}}],"collection":[{"href":"https:\/\/www.rosarioalerta.com.ar\/site\/wp-json\/wp\/v2\/posts"}],"about":[{"href":"https:\/\/www.rosarioalerta.com.ar\/site\/wp-json\/wp\/v2\/types\/post"}],"author":[{"embeddable":true,"href":"https:\/\/www.rosarioalerta.com.ar\/site\/wp-json\/wp\/v2\/users\/2"}],"replies":[{"embeddable":true,"href":"https:\/\/www.rosarioalerta.com.ar\/site\/wp-json\/wp\/v2\/comments?post=24208"}],"version-history":[{"count":1,"href":"https:\/\/www.rosarioalerta.com.ar\/site\/wp-json\/wp\/v2\/posts\/24208\/revisions"}],"predecessor-version":[{"id":24210,"href":"https:\/\/www.rosarioalerta.com.ar\/site\/wp-json\/wp\/v2\/posts\/24208\/revisions\/24210"}],"wp:featuredmedia":[{"embeddable":true,"href":"https:\/\/www.rosarioalerta.com.ar\/site\/wp-json\/wp\/v2\/media\/24209"}],"wp:attachment":[{"href":"https:\/\/www.rosarioalerta.com.ar\/site\/wp-json\/wp\/v2\/media?parent=24208"}],"wp:term":[{"taxonomy":"category","embeddable":true,"href":"https:\/\/www.rosarioalerta.com.ar\/site\/wp-json\/wp\/v2\/categories?post=24208"},{"taxonomy":"post_tag","embeddable":true,"href":"https:\/\/www.rosarioalerta.com.ar\/site\/wp-json\/wp\/v2\/tags?post=24208"}],"curies":[{"name":"wp","href":"https:\/\/api.w.org\/{rel}","templated":true}]}}