{"id":24132,"date":"2025-04-02T21:38:20","date_gmt":"2025-04-03T00:38:20","guid":{"rendered":"https:\/\/www.rosarioalerta.com.ar\/site\/?p=24132"},"modified":"2025-04-02T21:38:30","modified_gmt":"2025-04-03T00:38:30","slug":"heridos-y-danos-materiales-en-un-siniestro-vial","status":"publish","type":"post","link":"https:\/\/www.rosarioalerta.com.ar\/site\/archivos\/24132","title":{"rendered":"Heridos y da\u00f1os materiales en un siniestro vial"},"content":{"rendered":"\n<p><\/p>\n\n\n\n<p>Tres incidencias de importancia en el tr\u00e1nsito se registraron durante este feriado<\/p>\n\n\n\n<p>Un fuerte estruendo en la noche del 1 de abril sorprendi\u00f3 a los vecinos de la intersecci\u00f3n de <strong>Provincias Unidas y Juan Jos\u00e9 Paso<\/strong>, cuando un autom\u00f3vil se estrell\u00f3 contra la muebler\u00eda <strong>Fagnani<\/strong>, dejando a tres personas heridas y da\u00f1os materiales en el local. El hecho est\u00e1 siendo investigado por las autoridades locales.<\/p>\n\n\n\n<p>Alrededor de las 23, un siniestro vial dej\u00f3 como saldo tres personas heridas y da\u00f1os materiales en la muebler\u00eda <strong>Fagnani<\/strong>, ubicada en la intersecci\u00f3n de <strong>Provincias Unidas y Juan Jos\u00e9 Paso<\/strong>. La colisi\u00f3n ocurri\u00f3 cuando el conductor de un Ford Fiesta negro, por razones que a\u00fan se investigan, perdi\u00f3 el control y se incrust\u00f3 en una de las paredes del local comercial.<\/p>\n\n\n\n<p>Personal policial que realizaban un patrullaje en la zona cuando escucharon un fuerte estruendo proveniente de la muebler\u00eda, decidieron acercarse, encontraron el veh\u00edculo involucrado y r\u00e1pidamente activaron los protocolos vigentes, para un siniestro de tal magnitud, notificando adem\u00e1s al due\u00f1o de la muebler\u00eda, quien se present\u00f3 en el lugar para constatar los da\u00f1os materiales en su propiedad.<\/p>\n\n\n\n<p>Una ambulancia de un servicio de emergencias privada asisti\u00f3 a una joven de 24 a\u00f1os, quien viajaba en el asiento trasero, siendo trasladada al <strong>Hospital Italiano<\/strong>. Mientras que el <strong>SIES<\/strong> atendi\u00f3 a la acompa\u00f1ante del rodado de 54 a\u00f1os, sufriendo un traumatismo de cr\u00e1neo y en hombro izquierdo, traslad\u00e1ndola al <strong>Hospital Eva Per\u00f3n<\/strong>.<\/p>\n\n\n\n<p>Poco despu\u00e9s, el conductor de 54 a\u00f1os, fue asistido por otra ambulancia del sistema privado, a quien diagnosticaron con un s\u00edncope y fue trasladado al <strong>Hospital de Emergencias Clemente \u00c1lvarez<\/strong> (HECA) para una mejor atenci\u00f3n.<\/p>\n\n\n\n<p>El procedimiento fue derivado a la <strong>Comisar\u00eda 12\u00ba<\/strong> debido a razones jurisdiccionales. Las autoridades tambi\u00e9n solicitaron la intervenci\u00f3n del <strong>Gabinete Accidentol\u00f3gico<\/strong> para esclarecer las circunstancias del siniestro.<\/p>\n\n\n\n<p>Adem\u00e1s, durante la tarde, se registr\u00f3 otro incidente en <strong>Carballo al 100<\/strong>, donde un motociclista resbal\u00f3 sobre la calzada y fue trasladado por el <strong>SIES<\/strong>.<\/p>\n\n\n\n<p>Finalmente, en la madrugada, en <strong>Rondeau y Ricardo N\u00fa\u00f1ez<\/strong>, un conductor de un <strong>Citro\u00ebn C3 blanco<\/strong> fue encontrado dormido al volante, presuntamente bajo los efectos del alcohol. Tras el test de alcoholemia, que dio positivo, el veh\u00edculo fue remolcado y el conductor recibi\u00f3 las actas correspondientes. Los tres hechos siguen siendo investigados por las autoridades locales.<\/p>\n<div class=\"newspaper-x-tags\"><strong>TAGS: <\/strong><span><a href=\"https:\/\/www.rosarioalerta.com.ar\/site\/archivos\/tag\/noticias-de-rosario\" rel=\"tag\">Noticias de Rosario<\/a><\/span><a href=\"https:\/\/www.rosarioalerta.com.ar\/site\/archivos\/tag\/rosario\" rel=\"tag\">Rosario<\/a><\/span><a href=\"https:\/\/www.rosarioalerta.com.ar\/site\/archivos\/tag\/santa-fe\" rel=\"tag\">Santa Fe<\/a> <\/div>","protected":false},"excerpt":{"rendered":"<p>Tres incidencias de importancia en el tr\u00e1nsito se registraron durante este feriado Un fuerte estruendo en la noche del 1 de abril sorprendi\u00f3 a los vecinos de la intersecci\u00f3n de Provincias Unidas y Juan Jos\u00e9 Paso, cuando un autom\u00f3vil se estrell\u00f3 contra la muebler\u00eda Fagnani, dejando a tres personas heridas y da\u00f1os materiales en el [&hellip;]<\/p>\n","protected":false},"author":2,"featured_media":24133,"comment_status":"open","ping_status":"open","sticky":false,"template":"","format":"standard","meta":{"_joinchat":[],"footnotes":""},"categories":[17,21,14,10],"tags":[95,55,65],"class_list":["post-24132","post","type-post","status-publish","format-standard","has-post-thumbnail","hentry","category-heridos","category-noticias","category-policiales","category-siniestros-viales","tag-noticias-de-rosario","tag-rosario","tag-santa-fe"],"_links":{"self":[{"href":"https:\/\/www.rosarioalerta.com.ar\/site\/wp-json\/wp\/v2\/posts\/24132","targetHints":{"allow":["GET"]}}],"collection":[{"href":"https:\/\/www.rosarioalerta.com.ar\/site\/wp-json\/wp\/v2\/posts"}],"about":[{"href":"https:\/\/www.rosarioalerta.com.ar\/site\/wp-json\/wp\/v2\/types\/post"}],"author":[{"embeddable":true,"href":"https:\/\/www.rosarioalerta.com.ar\/site\/wp-json\/wp\/v2\/users\/2"}],"replies":[{"embeddable":true,"href":"https:\/\/www.rosarioalerta.com.ar\/site\/wp-json\/wp\/v2\/comments?post=24132"}],"version-history":[{"count":1,"href":"https:\/\/www.rosarioalerta.com.ar\/site\/wp-json\/wp\/v2\/posts\/24132\/revisions"}],"predecessor-version":[{"id":24134,"href":"https:\/\/www.rosarioalerta.com.ar\/site\/wp-json\/wp\/v2\/posts\/24132\/revisions\/24134"}],"wp:featuredmedia":[{"embeddable":true,"href":"https:\/\/www.rosarioalerta.com.ar\/site\/wp-json\/wp\/v2\/media\/24133"}],"wp:attachment":[{"href":"https:\/\/www.rosarioalerta.com.ar\/site\/wp-json\/wp\/v2\/media?parent=24132"}],"wp:term":[{"taxonomy":"category","embeddable":true,"href":"https:\/\/www.rosarioalerta.com.ar\/site\/wp-json\/wp\/v2\/categories?post=24132"},{"taxonomy":"post_tag","embeddable":true,"href":"https:\/\/www.rosarioalerta.com.ar\/site\/wp-json\/wp\/v2\/tags?post=24132"}],"curies":[{"name":"wp","href":"https:\/\/api.w.org\/{rel}","templated":true}]}}