{"id":23998,"date":"2025-03-28T09:38:49","date_gmt":"2025-03-28T12:38:49","guid":{"rendered":"https:\/\/www.rosarioalerta.com.ar\/site\/?p=23998"},"modified":"2025-03-28T09:39:16","modified_gmt":"2025-03-28T12:39:16","slug":"cinco-detenidos-con-dinero-y-mercaderia-de-origen-ilicito","status":"publish","type":"post","link":"https:\/\/www.rosarioalerta.com.ar\/site\/archivos\/23998","title":{"rendered":"Cinco detenidos con dinero y mercader\u00eda de origen il\u00edcito"},"content":{"rendered":"\n<p><\/p>\n\n\n\n<p>Una persecuci\u00f3n policial que culmin\u00f3 con la detenci\u00f3n de varios individuos y la incautaci\u00f3n de una importante suma de dinero, mercanc\u00eda robada y varios objetos de valor<\/p>\n\n\n\n<p>En la madrugada de este viernes, personal policial, llev\u00f3 adelante un exitoso operativo que result\u00f3 en la detenci\u00f3n de cinco personas y el secuestro de un cuantioso bot\u00edn. La intervenci\u00f3n se produjo tras una persecuci\u00f3n sobre <strong>Circunvalaci\u00f3n y la Autopista Rosario-Buenos Aires<\/strong>.<\/p>\n\n\n\n<p>Seg\u00fan los informes policiales, alrededor de las 3, se hab\u00eda recibido un aviso, alertando sobre la fuga de una Toyota Hilux, que circulaba por la localidad de <strong>General Lagos<\/strong>. Una patrulla logra avistar el veh\u00edculo en cuesti\u00f3n y procedi\u00f3 a su persecuci\u00f3n. La misma finaliz\u00f3 a los pocos metros de iniciarse en el inicio de Rosario, donde la camioneta fue detenida y sus cinco ocupantes fueron aprehendidos: <strong>Walter Exequiel S de 33 a\u00f1os, Mauricio Fabi\u00e1n F de 40, Zunilda Raquel Q de 48, Ver\u00f3nica Elvira Raquel R de 26 y Hugo Alexis R de 15.<\/strong><\/p>\n\n\n\n<p>Tras realizar la requisa correspondiente, hallaron un significativo bot\u00edn: m\u00e1s <strong>de 13 millones de pesos en efectivo<\/strong>, <strong>30 d\u00f3lares estadounidenses y 298 prendas de vestir de alta gama,<\/strong> entre ellas, s\u00e1banas, camperas, gorras, ropa interior, acolchados y zapatillas sin uso. Tambi\u00e9n se incautaron siete tel\u00e9fonos celulares.<\/p>\n\n\n\n<p>El operativo fue supervisado por la Fiscal\u00eda en turno, quien dict\u00f3 las indicaciones pertinentes y orden\u00f3 el trasladado de los demorados a la <strong>Sub Comisar\u00eda 15\u00ba de Pueblo Esther,<\/strong> donde se labraron las actuaciones correspondientes.<\/p>\n<div class=\"newspaper-x-tags\"><strong>TAGS: <\/strong><span><a href=\"https:\/\/www.rosarioalerta.com.ar\/site\/archivos\/tag\/gral-lagos\" rel=\"tag\">Gral Lagos<\/a><\/span><a href=\"https:\/\/www.rosarioalerta.com.ar\/site\/archivos\/tag\/noticias-de-gral-lagos\" rel=\"tag\">Noticias de Gral Lagos<\/a><\/span><a href=\"https:\/\/www.rosarioalerta.com.ar\/site\/archivos\/tag\/noticias-de-pueblo-esther\" rel=\"tag\">Noticias de Pueblo Esther<\/a><\/span><a href=\"https:\/\/www.rosarioalerta.com.ar\/site\/archivos\/tag\/noticias-de-rosario\" rel=\"tag\">Noticias de Rosario<\/a><\/span><a href=\"https:\/\/www.rosarioalerta.com.ar\/site\/archivos\/tag\/pueblo-esther\" rel=\"tag\">Pueblo Esther<\/a><\/span><a href=\"https:\/\/www.rosarioalerta.com.ar\/site\/archivos\/tag\/rosario\" rel=\"tag\">Rosario<\/a><\/span><a href=\"https:\/\/www.rosarioalerta.com.ar\/site\/archivos\/tag\/santa-fe\" rel=\"tag\">Santa Fe<\/a> <\/div>","protected":false},"excerpt":{"rendered":"<p>Una persecuci\u00f3n policial que culmin\u00f3 con la detenci\u00f3n de varios individuos y la incautaci\u00f3n de una importante suma de dinero, mercanc\u00eda robada y varios objetos de valor En la madrugada de este viernes, personal policial, llev\u00f3 adelante un exitoso operativo que result\u00f3 en la detenci\u00f3n de cinco personas y el secuestro de un cuantioso bot\u00edn. [&hellip;]<\/p>\n","protected":false},"author":2,"featured_media":23999,"comment_status":"open","ping_status":"open","sticky":false,"template":"","format":"standard","meta":{"_joinchat":[],"footnotes":""},"categories":[11,21,14],"tags":[317,318,223,95,222,55,65],"class_list":["post-23998","post","type-post","status-publish","format-standard","has-post-thumbnail","hentry","category-detenidos","category-noticias","category-policiales","tag-gral-lagos","tag-noticias-de-gral-lagos","tag-noticias-de-pueblo-esther","tag-noticias-de-rosario","tag-pueblo-esther","tag-rosario","tag-santa-fe"],"_links":{"self":[{"href":"https:\/\/www.rosarioalerta.com.ar\/site\/wp-json\/wp\/v2\/posts\/23998","targetHints":{"allow":["GET"]}}],"collection":[{"href":"https:\/\/www.rosarioalerta.com.ar\/site\/wp-json\/wp\/v2\/posts"}],"about":[{"href":"https:\/\/www.rosarioalerta.com.ar\/site\/wp-json\/wp\/v2\/types\/post"}],"author":[{"embeddable":true,"href":"https:\/\/www.rosarioalerta.com.ar\/site\/wp-json\/wp\/v2\/users\/2"}],"replies":[{"embeddable":true,"href":"https:\/\/www.rosarioalerta.com.ar\/site\/wp-json\/wp\/v2\/comments?post=23998"}],"version-history":[{"count":1,"href":"https:\/\/www.rosarioalerta.com.ar\/site\/wp-json\/wp\/v2\/posts\/23998\/revisions"}],"predecessor-version":[{"id":24000,"href":"https:\/\/www.rosarioalerta.com.ar\/site\/wp-json\/wp\/v2\/posts\/23998\/revisions\/24000"}],"wp:featuredmedia":[{"embeddable":true,"href":"https:\/\/www.rosarioalerta.com.ar\/site\/wp-json\/wp\/v2\/media\/23999"}],"wp:attachment":[{"href":"https:\/\/www.rosarioalerta.com.ar\/site\/wp-json\/wp\/v2\/media?parent=23998"}],"wp:term":[{"taxonomy":"category","embeddable":true,"href":"https:\/\/www.rosarioalerta.com.ar\/site\/wp-json\/wp\/v2\/categories?post=23998"},{"taxonomy":"post_tag","embeddable":true,"href":"https:\/\/www.rosarioalerta.com.ar\/site\/wp-json\/wp\/v2\/tags?post=23998"}],"curies":[{"name":"wp","href":"https:\/\/api.w.org\/{rel}","templated":true}]}}