{"id":23847,"date":"2025-03-20T07:18:16","date_gmt":"2025-03-20T10:18:16","guid":{"rendered":"https:\/\/www.rosarioalerta.com.ar\/site\/?p=23847"},"modified":"2025-03-20T07:18:18","modified_gmt":"2025-03-20T10:18:18","slug":"una-ciclista-muere-en-un-siniestro-vial","status":"publish","type":"post","link":"https:\/\/www.rosarioalerta.com.ar\/site\/archivos\/23847","title":{"rendered":"Una ciclista muere en un siniestro vial"},"content":{"rendered":"\n<p><\/p>\n\n\n\n<p>Seg\u00fan las primeras informaciones se desplazaba sobre la ruta que comunica a Rosario con Ibarlucea<\/p>\n\n\n\n<p>En las primeras horas de este jueves, se produjo un siniestro fatal en la intersecci\u00f3n de <strong>25 de Mayo y Los Naranjos<\/strong>, en la jurisdicci\u00f3n de la <strong>Sub Comisar\u00eda 17\u00ba<\/strong> de <strong>Ibarlucea<\/strong>. Un llamado alert\u00f3 a las autoridades sobre una colisi\u00f3n entre un colectivo y una bicicleta. Al llegar al lugar, los agentes confirmaron la magnitud del siniestro, donde una mujer perdi\u00f3 la vida en el impacto, mientras que un menor result\u00f3 con lesiones graves.<\/p>\n\n\n\n<p>Las autoridades iniciaron r\u00e1pidamente el procedimiento correspondiente, y las unidades de emergencia trabajaron en el lugar para atender al herido y comenzar la investigaci\u00f3n de lo sucedido. La identidad de la v\u00edctima mortal a\u00fan no ha sido revelada, pero la tragedia ha sacudido a la comunidad de <strong>Ibarlucea<\/strong>, que lamenta la p\u00e9rdida y espera respuestas sobre las circunstancias del fatal siniestro, donde una mujer se desplazaba por la ruta con su hijo menor de edad<\/p>\n\n\n\n<p>Pocas horas antes, a las 4.30, en <strong>Rosario<\/strong>, otro siniestro se registr\u00f3 en la intersecci\u00f3n de <strong>Pueyrred\u00f3n y Santa Fe<\/strong>, de Rosario. En este caso, un joven de 23 a\u00f1os, conduc\u00eda una motocicleta que colision\u00f3 con un autom\u00f3vil conducido por una joven de 25 a\u00f1os. A ra\u00edz del impacto, el motociclista result\u00f3 gravemente herido y fue trasladado de urgencia al <strong>Sanatorio Mapaci<\/strong>, donde se le brind\u00f3 atenci\u00f3n m\u00e9dica.<\/p>\n\n\n\n<p>El siniestro fue atendido por una ambulancia del sistema privado, bajo la supervisi\u00f3n de la Dra. Cesatti, quien constat\u00f3 el estado del lesionado. Posteriormente, las autoridades trasladaron el procedimiento a la <strong>Comisar\u00eda 2\u00ba, <\/strong>mientras se realizaban las actualizaciones pertinentes.<\/p>\n\n\n\n<p>En cuanto a los veh\u00edculos involucrados, la Motomel Blitz 110cc gris y una Volkswagen Suran blanca fueron secuestrados para ser parte de la investigaci\u00f3n que determinar\u00e1 las causas del accidente.<\/p>\n\n\n\n<p>La fiscal\u00eda de flagrancia en turno ya intervino en ambos casos, y las investigaciones contin\u00faan para esclarecer los hechos. La comunidad se enfrenta a una jornada dif\u00edcil, marcada por dos tr\u00e1gicos accidentes viales que dejan v\u00edctimas fatales y personas heridas.<\/p>\n<div class=\"newspaper-x-tags\"><strong>TAGS: <\/strong><span><a href=\"https:\/\/www.rosarioalerta.com.ar\/site\/archivos\/tag\/ibarlucea\" rel=\"tag\">Ibarlucea<\/a><\/span><a href=\"https:\/\/www.rosarioalerta.com.ar\/site\/archivos\/tag\/noticias-de-de-ibarlucea\" rel=\"tag\">Noticias de de Ibarlucea<\/a><\/span><a href=\"https:\/\/www.rosarioalerta.com.ar\/site\/archivos\/tag\/noticias-de-rosario\" rel=\"tag\">Noticias de Rosario<\/a><\/span><a href=\"https:\/\/www.rosarioalerta.com.ar\/site\/archivos\/tag\/rosario\" rel=\"tag\">Rosario<\/a><\/span><a href=\"https:\/\/www.rosarioalerta.com.ar\/site\/archivos\/tag\/santa-fe\" rel=\"tag\">Santa Fe<\/a> <\/div>","protected":false},"excerpt":{"rendered":"<p>Seg\u00fan las primeras informaciones se desplazaba sobre la ruta que comunica a Rosario con Ibarlucea En las primeras horas de este jueves, se produjo un siniestro fatal en la intersecci\u00f3n de 25 de Mayo y Los Naranjos, en la jurisdicci\u00f3n de la Sub Comisar\u00eda 17\u00ba de Ibarlucea. Un llamado alert\u00f3 a las autoridades sobre una [&hellip;]<\/p>\n","protected":false},"author":2,"featured_media":23848,"comment_status":"open","ping_status":"open","sticky":false,"template":"","format":"standard","meta":{"_joinchat":[],"footnotes":""},"categories":[21,14,10],"tags":[101,316,95,55,65],"class_list":["post-23847","post","type-post","status-publish","format-standard","has-post-thumbnail","hentry","category-noticias","category-policiales","category-siniestros-viales","tag-ibarlucea","tag-noticias-de-de-ibarlucea","tag-noticias-de-rosario","tag-rosario","tag-santa-fe"],"_links":{"self":[{"href":"https:\/\/www.rosarioalerta.com.ar\/site\/wp-json\/wp\/v2\/posts\/23847","targetHints":{"allow":["GET"]}}],"collection":[{"href":"https:\/\/www.rosarioalerta.com.ar\/site\/wp-json\/wp\/v2\/posts"}],"about":[{"href":"https:\/\/www.rosarioalerta.com.ar\/site\/wp-json\/wp\/v2\/types\/post"}],"author":[{"embeddable":true,"href":"https:\/\/www.rosarioalerta.com.ar\/site\/wp-json\/wp\/v2\/users\/2"}],"replies":[{"embeddable":true,"href":"https:\/\/www.rosarioalerta.com.ar\/site\/wp-json\/wp\/v2\/comments?post=23847"}],"version-history":[{"count":1,"href":"https:\/\/www.rosarioalerta.com.ar\/site\/wp-json\/wp\/v2\/posts\/23847\/revisions"}],"predecessor-version":[{"id":23849,"href":"https:\/\/www.rosarioalerta.com.ar\/site\/wp-json\/wp\/v2\/posts\/23847\/revisions\/23849"}],"wp:featuredmedia":[{"embeddable":true,"href":"https:\/\/www.rosarioalerta.com.ar\/site\/wp-json\/wp\/v2\/media\/23848"}],"wp:attachment":[{"href":"https:\/\/www.rosarioalerta.com.ar\/site\/wp-json\/wp\/v2\/media?parent=23847"}],"wp:term":[{"taxonomy":"category","embeddable":true,"href":"https:\/\/www.rosarioalerta.com.ar\/site\/wp-json\/wp\/v2\/categories?post=23847"},{"taxonomy":"post_tag","embeddable":true,"href":"https:\/\/www.rosarioalerta.com.ar\/site\/wp-json\/wp\/v2\/tags?post=23847"}],"curies":[{"name":"wp","href":"https:\/\/api.w.org\/{rel}","templated":true}]}}