{"id":23513,"date":"2025-03-05T12:22:07","date_gmt":"2025-03-05T15:22:07","guid":{"rendered":"https:\/\/www.rosarioalerta.com.ar\/site\/?p=23513"},"modified":"2025-03-05T12:22:24","modified_gmt":"2025-03-05T15:22:24","slug":"cococcioni-inicio-el-ciclo-lectivo-de-cadetes-de-policia","status":"publish","type":"post","link":"https:\/\/www.rosarioalerta.com.ar\/site\/archivos\/23513","title":{"rendered":"Cococcioni inici\u00f3 el ciclo lectivo de cadetes de polic\u00eda"},"content":{"rendered":"\n<p><\/p>\n\n\n\n<p>El ministro de Justicia y Seguridad de la Provincia, dio el puntapi\u00e9 inicial para la formaci\u00f3n de la nueva generaci\u00f3n de cadetes<\/p>\n\n\n\n<p>En un acto cargado de expectativas y transformaciones, el ministro de Justicia y Seguridad, Pablo Cococcioni, encabez\u00f3 este mi\u00e9rcoles el inicio del ciclo lectivo para los 797 cadetes que componen la cohorte 2025-2026 en la Escuela de Polic\u00eda del Instituto de Seguridad P\u00fablica (ISEP). Este nuevo ciclo viene acompa\u00f1ado de un innovador r\u00e9gimen formativo que promete no solo cambiar el enfoque educativo, sino tambi\u00e9n la forma de operar de la fuerza policial en la provincia.<\/p>\n\n\n\n<p>En la sede Recreo del ISEP, Cococcioni destac\u00f3 que este nuevo r\u00e9gimen busca recuperar lo mejor de las tradiciones de las fuerzas de seguridad, adapt\u00e1ndolas a los desaf\u00edos actuales. &#8220;Queremos una Polic\u00eda cada vez m\u00e1s profesionalizada, ordenada, disciplinada y ejemplar en la calle&#8221;, subray\u00f3 el ministro, quien adem\u00e1s enfatiz\u00f3 que el r\u00e9gimen ser\u00e1 &#8220;fuertemente disciplinario&#8221;, con un r\u00e9gimen de internado que se incorpora como parte del proceso formativo.<\/p>\n\n\n\n<p><strong>Un Modelo Equilibrado y Adaptado a la Realidad Actual<\/strong><\/p>\n\n\n\n<p>Uno de los aspectos m\u00e1s destacados de esta promoci\u00f3n es la modificaci\u00f3n en los cupos de ingreso. Cococcioni anunci\u00f3 que, en respuesta a la creciente feminizaci\u00f3n de la fuerza (alrededor del 80% de los cadetes eran mujeres en a\u00f1os anteriores), esta cohorte tendr\u00e1 un 70% de cupos para cadetes varones, buscando una distribuci\u00f3n m\u00e1s equilibrada y un planeamiento estrat\u00e9gico que contemple las diversas funciones de la polic\u00eda.<\/p>\n\n\n\n<p>Otro cambio significativo ser\u00e1 la implementaci\u00f3n de un sistema de becas de est\u00edmulo para los postulantes de los departamentos donde hay una fuerte necesidad de personal, con el objetivo de reducir los desarraigos y mejorar la cobertura territorial de la fuerza.<\/p>\n\n\n\n<p><strong>Formaci\u00f3n, \u00c9tica y Vocaci\u00f3n al Servicio<\/strong><\/p>\n\n\n\n<p>El director del ISEP, Mario Goyenechea, tambi\u00e9n se dirigi\u00f3 a los cadetes resaltando que la sociedad necesita &#8220;hombres y mujeres capacitados para enfrentar los desaf\u00edos de la seguridad p\u00fablica con responsabilidad, \u00e9tica y vocaci\u00f3n de servicio&#8221;. A su vez, destac\u00f3 el compromiso del Ministerio de Justicia y Seguridad para brindar los recursos necesarios para avanzar en esta nueva etapa formativa.<\/p>\n<div class=\"newspaper-x-tags\"><strong>TAGS: <\/strong><span><a href=\"https:\/\/www.rosarioalerta.com.ar\/site\/archivos\/tag\/isep\" rel=\"tag\">ISEP<\/a><\/span><a href=\"https:\/\/www.rosarioalerta.com.ar\/site\/archivos\/tag\/noticias-de-rosario\" rel=\"tag\">Noticias de Rosario<\/a><\/span><a href=\"https:\/\/www.rosarioalerta.com.ar\/site\/archivos\/tag\/pablo-cococcioni\" rel=\"tag\">Pablo Cococcioni<\/a><\/span><a href=\"https:\/\/www.rosarioalerta.com.ar\/site\/archivos\/tag\/rosario\" rel=\"tag\">Rosario<\/a><\/span><a href=\"https:\/\/www.rosarioalerta.com.ar\/site\/archivos\/tag\/santa-fe\" rel=\"tag\">Santa Fe<\/a> <\/div>","protected":false},"excerpt":{"rendered":"<p>El ministro de Justicia y Seguridad de la Provincia, dio el puntapi\u00e9 inicial para la formaci\u00f3n de la nueva generaci\u00f3n de cadetes En un acto cargado de expectativas y transformaciones, el ministro de Justicia y Seguridad, Pablo Cococcioni, encabez\u00f3 este mi\u00e9rcoles el inicio del ciclo lectivo para los 797 cadetes que componen la cohorte 2025-2026 [&hellip;]<\/p>\n","protected":false},"author":2,"featured_media":23514,"comment_status":"open","ping_status":"open","sticky":false,"template":"","format":"standard","meta":{"_joinchat":[],"footnotes":""},"categories":[18,21,14],"tags":[482,95,611,55,65],"class_list":["post-23513","post","type-post","status-publish","format-standard","has-post-thumbnail","hentry","category-institucional","category-noticias","category-policiales","tag-isep","tag-noticias-de-rosario","tag-pablo-cococcioni","tag-rosario","tag-santa-fe"],"_links":{"self":[{"href":"https:\/\/www.rosarioalerta.com.ar\/site\/wp-json\/wp\/v2\/posts\/23513","targetHints":{"allow":["GET"]}}],"collection":[{"href":"https:\/\/www.rosarioalerta.com.ar\/site\/wp-json\/wp\/v2\/posts"}],"about":[{"href":"https:\/\/www.rosarioalerta.com.ar\/site\/wp-json\/wp\/v2\/types\/post"}],"author":[{"embeddable":true,"href":"https:\/\/www.rosarioalerta.com.ar\/site\/wp-json\/wp\/v2\/users\/2"}],"replies":[{"embeddable":true,"href":"https:\/\/www.rosarioalerta.com.ar\/site\/wp-json\/wp\/v2\/comments?post=23513"}],"version-history":[{"count":1,"href":"https:\/\/www.rosarioalerta.com.ar\/site\/wp-json\/wp\/v2\/posts\/23513\/revisions"}],"predecessor-version":[{"id":23515,"href":"https:\/\/www.rosarioalerta.com.ar\/site\/wp-json\/wp\/v2\/posts\/23513\/revisions\/23515"}],"wp:featuredmedia":[{"embeddable":true,"href":"https:\/\/www.rosarioalerta.com.ar\/site\/wp-json\/wp\/v2\/media\/23514"}],"wp:attachment":[{"href":"https:\/\/www.rosarioalerta.com.ar\/site\/wp-json\/wp\/v2\/media?parent=23513"}],"wp:term":[{"taxonomy":"category","embeddable":true,"href":"https:\/\/www.rosarioalerta.com.ar\/site\/wp-json\/wp\/v2\/categories?post=23513"},{"taxonomy":"post_tag","embeddable":true,"href":"https:\/\/www.rosarioalerta.com.ar\/site\/wp-json\/wp\/v2\/tags?post=23513"}],"curies":[{"name":"wp","href":"https:\/\/api.w.org\/{rel}","templated":true}]}}