{"id":23409,"date":"2025-02-27T10:38:28","date_gmt":"2025-02-27T13:38:28","guid":{"rendered":"https:\/\/www.rosarioalerta.com.ar\/site\/?p=23409"},"modified":"2025-02-27T10:38:32","modified_gmt":"2025-02-27T13:38:32","slug":"una-nena-que-iba-a-la-escuela-fue-atropellada","status":"publish","type":"post","link":"https:\/\/www.rosarioalerta.com.ar\/site\/archivos\/23409","title":{"rendered":"Una nena que iba a la escuela fue atropellada"},"content":{"rendered":"\n<p><\/p>\n\n\n\n<p>El motociclista que protagoniz\u00f3 el siniestro vial, est\u00e1 demorado<\/p>\n\n\n\n<p>Un siniestro vial ocurrido esta ma\u00f1ana en el cruce de <strong>Av. Francia y San Juan<\/strong> dej\u00f3 a una ni\u00f1a de 9 a\u00f1os con heridas leves. La menor fue embestida por un motociclista mientras cruzaba la calle junto a su madre. El conductor fue demorado mientras se realizaban las diligencias pertinentes.<\/p>\n\n\n\n<p>Cerca de las 7, se registr\u00f3 un siniestro vial en la intersecci\u00f3n de <strong>Av. Francia y San Juan,<\/strong> cuando una motocicleta embisti\u00f3 a una ni\u00f1a de 9 a\u00f1os mientras cruzaba la calle junto a su madre. El hecho ocurri\u00f3 en la zona norte de la ciudad y fue r\u00e1pidamente atendido por personal policial.<\/p>\n\n\n\n<p>Seg\u00fan el testimonio de la madre de la menor, la familia se encontraba sobre <strong>Francia al 1000<\/strong>, donde ella hab\u00eda dejado su auto antes de bajar y caminar con su hija. La peque\u00f1a, alumna del <strong>Colegio del Sol<\/strong>, estaba cruzando la calle en direcci\u00f3n sur cuando fue impactada por una moto de gran porte que circulaba por la <strong>ciclov\u00eda de la avenida<\/strong>. El motociclista, identificado como <strong>Emilio Alejandro A<\/strong>, no habr\u00eda advertido la presencia de la ni\u00f1a en el paso peatonal y la embisti\u00f3 con su veh\u00edculo.<\/p>\n\n\n\n<p>Tras el impacto, fue asistida por el <strong>SIES<\/strong> y la Dra Moreti, diagnostic\u00f3 a la menor un traumatismo en el tobillo izquierdo, por lo que decidi\u00f3 trasladarla al <strong>Sanatorio de Ni\u00f1os<\/strong> junto a su madre para recibir atenci\u00f3n m\u00e9dica. Afortunadamente, las heridas fueron catalogadas como leves, aunque la menor deber\u00e1 continuar con su tratamiento.<\/p>\n\n\n\n<p>En el lugar del siniestro, la polic\u00eda procedi\u00f3 a realizar las diligencias pertinentes. El conductor de la moto fue identificado y demorado preventivamente.<\/p>\n\n\n\n<p>Finalmente, el motociclista fue trasladado a la <strong>Comisar\u00eda 2\u00ba<\/strong> para completar las actas correspondientes al incidente.<\/p>\n<div class=\"newspaper-x-tags\"><strong>TAGS: <\/strong><span><a href=\"https:\/\/www.rosarioalerta.com.ar\/site\/archivos\/tag\/noticias-de-rosario\" rel=\"tag\">Noticias de Rosario<\/a><\/span><a href=\"https:\/\/www.rosarioalerta.com.ar\/site\/archivos\/tag\/rosario\" rel=\"tag\">Rosario<\/a><\/span><a href=\"https:\/\/www.rosarioalerta.com.ar\/site\/archivos\/tag\/santa-fe\" rel=\"tag\">Santa Fe<\/a> <\/div>","protected":false},"excerpt":{"rendered":"<p>El motociclista que protagoniz\u00f3 el siniestro vial, est\u00e1 demorado Un siniestro vial ocurrido esta ma\u00f1ana en el cruce de Av. Francia y San Juan dej\u00f3 a una ni\u00f1a de 9 a\u00f1os con heridas leves. La menor fue embestida por un motociclista mientras cruzaba la calle junto a su madre. El conductor fue demorado mientras se [&hellip;]<\/p>\n","protected":false},"author":2,"featured_media":23410,"comment_status":"open","ping_status":"open","sticky":false,"template":"","format":"standard","meta":{"_joinchat":[],"footnotes":""},"categories":[11,21,14,10],"tags":[95,55,65],"class_list":["post-23409","post","type-post","status-publish","format-standard","has-post-thumbnail","hentry","category-detenidos","category-noticias","category-policiales","category-siniestros-viales","tag-noticias-de-rosario","tag-rosario","tag-santa-fe"],"_links":{"self":[{"href":"https:\/\/www.rosarioalerta.com.ar\/site\/wp-json\/wp\/v2\/posts\/23409","targetHints":{"allow":["GET"]}}],"collection":[{"href":"https:\/\/www.rosarioalerta.com.ar\/site\/wp-json\/wp\/v2\/posts"}],"about":[{"href":"https:\/\/www.rosarioalerta.com.ar\/site\/wp-json\/wp\/v2\/types\/post"}],"author":[{"embeddable":true,"href":"https:\/\/www.rosarioalerta.com.ar\/site\/wp-json\/wp\/v2\/users\/2"}],"replies":[{"embeddable":true,"href":"https:\/\/www.rosarioalerta.com.ar\/site\/wp-json\/wp\/v2\/comments?post=23409"}],"version-history":[{"count":1,"href":"https:\/\/www.rosarioalerta.com.ar\/site\/wp-json\/wp\/v2\/posts\/23409\/revisions"}],"predecessor-version":[{"id":23411,"href":"https:\/\/www.rosarioalerta.com.ar\/site\/wp-json\/wp\/v2\/posts\/23409\/revisions\/23411"}],"wp:featuredmedia":[{"embeddable":true,"href":"https:\/\/www.rosarioalerta.com.ar\/site\/wp-json\/wp\/v2\/media\/23410"}],"wp:attachment":[{"href":"https:\/\/www.rosarioalerta.com.ar\/site\/wp-json\/wp\/v2\/media?parent=23409"}],"wp:term":[{"taxonomy":"category","embeddable":true,"href":"https:\/\/www.rosarioalerta.com.ar\/site\/wp-json\/wp\/v2\/categories?post=23409"},{"taxonomy":"post_tag","embeddable":true,"href":"https:\/\/www.rosarioalerta.com.ar\/site\/wp-json\/wp\/v2\/tags?post=23409"}],"curies":[{"name":"wp","href":"https:\/\/api.w.org\/{rel}","templated":true}]}}